{"id":19008,"date":"2022-02-18T11:11:04","date_gmt":"2022-02-18T17:11:04","guid":{"rendered":"https:\/\/a3noticias.com.mx\/sandbox\/?p=19008"},"modified":"2022-02-18T11:11:05","modified_gmt":"2022-02-18T17:11:05","slug":"detienen-en-sjr-a-presunto-feminicida","status":"publish","type":"post","link":"https:\/\/a3noticias.com.mx\/sandbox\/2022\/02\/18\/detienen-en-sjr-a-presunto-feminicida\/","title":{"rendered":"Detienen en SJR a presunto feminicida."},"content":{"rendered":"\n<p>La Fiscal\u00eda Especializada en la Investigaci\u00f3n de Feminicidios llev\u00f3 a cabo, con orden de aprehensi\u00f3n, la de un presunto feminicida, pues probablemente intervino en la muerte de una mujer, en hechos ocurridos en la comunidad de El Coto, en San Juan del R\u00edo.&nbsp;<\/p>\n\n\n\n<p>Durante esta madrugada, se realiz\u00f3 un cateo, donde tambi\u00e9n se asegur\u00f3 un arma y cartuchos \u00fatiles.<\/p>\n\n\n\n<p>De acuerdo con la Fiscal\u00eda, desde el inicio de la carpeta, el 10 de junio del a\u00f1o pasado, se realizaron las investigaciones conforme a los protocolos de investigaci\u00f3n con perspectiva de g\u00e9nero. Asimismo, se brind\u00f3 la atenci\u00f3n a familiares de la mujer fallecida, a trav\u00e9s de la Comisi\u00f3n Estatal de Atenci\u00f3n a V\u00edctimas y el Instituto Queretano de las Mujeres.<\/p>\n\n\n\n<blockquote class=\"wp-block-quote is-layout-flow wp-block-quote-is-layout-flow\"><p>\u201cLas acciones de investigaci\u00f3n se mantuvieron de manera contin\u00faa, para lograr la plena identificaci\u00f3n del imputado y lograr su detenci\u00f3n. Por ello, una vez que se obtuvo la informaci\u00f3n sobre este \u00faltimo lugar en el que habitaba, se solicit\u00f3 y obtuvo una orden de cateo por parte de la autoridad jurisdiccional, mismo que fue cumplimentado en colaboraci\u00f3n con las instancias de seguridad\u201d<\/p><\/blockquote>\n\n\n\n<p>El arma localizada ser\u00e1 analizada en materia pericial, para determinar si es la misma que se utiliz\u00f3 para privar de la vida a la ofendida.&nbsp;Asimismo continuar\u00e1 con las investigaciones, en tanto, el detenido ser\u00e1 llevado ante el Juez de Control que lo requiere y en audiencia inicial, se solicitar\u00e1 su vinculaci\u00f3n a proceso.&nbsp;<\/p>\n","protected":false},"excerpt":{"rendered":"<p>La Fiscal\u00eda Especializada en la Investigaci\u00f3n de Feminicidios llev\u00f3 a cabo, con orden de aprehensi\u00f3n, la de un presunto feminicida, pues probablemente intervino en la muerte de una mujer, en &hellip; <a href=\"https:\/\/a3noticias.com.mx\/sandbox\/2022\/02\/18\/detienen-en-sjr-a-presunto-feminicida\/\" class=\"more-link\">Leer m\u00e1s<\/a><\/p>\n","protected":false},"author":2,"featured_media":19010,"comment_status":"open","ping_status":"open","sticky":false,"template":"","format":"standard","meta":{"_monsterinsights_skip_tracking":false,"_monsterinsights_sitenote_active":false,"_monsterinsights_sitenote_note":"","_monsterinsights_sitenote_category":0,"footnotes":""},"categories":[2],"tags":[],"class_list":["post-19008","post","type-post","status-publish","format-standard","has-post-thumbnail","hentry","category-qro","entry"],"aioseo_notices":[],"_links":{"self":[{"href":"https:\/\/a3noticias.com.mx\/sandbox\/wp-json\/wp\/v2\/posts\/19008","targetHints":{"allow":["GET"]}}],"collection":[{"href":"https:\/\/a3noticias.com.mx\/sandbox\/wp-json\/wp\/v2\/posts"}],"about":[{"href":"https:\/\/a3noticias.com.mx\/sandbox\/wp-json\/wp\/v2\/types\/post"}],"author":[{"embeddable":true,"href":"https:\/\/a3noticias.com.mx\/sandbox\/wp-json\/wp\/v2\/users\/2"}],"replies":[{"embeddable":true,"href":"https:\/\/a3noticias.com.mx\/sandbox\/wp-json\/wp\/v2\/comments?post=19008"}],"version-history":[{"count":1,"href":"https:\/\/a3noticias.com.mx\/sandbox\/wp-json\/wp\/v2\/posts\/19008\/revisions"}],"predecessor-version":[{"id":19011,"href":"https:\/\/a3noticias.com.mx\/sandbox\/wp-json\/wp\/v2\/posts\/19008\/revisions\/19011"}],"wp:featuredmedia":[{"embeddable":true,"href":"https:\/\/a3noticias.com.mx\/sandbox\/wp-json\/wp\/v2\/media\/19010"}],"wp:attachment":[{"href":"https:\/\/a3noticias.com.mx\/sandbox\/wp-json\/wp\/v2\/media?parent=19008"}],"wp:term":[{"taxonomy":"category","embeddable":true,"href":"https:\/\/a3noticias.com.mx\/sandbox\/wp-json\/wp\/v2\/categories?post=19008"},{"taxonomy":"post_tag","embeddable":true,"href":"https:\/\/a3noticias.com.mx\/sandbox\/wp-json\/wp\/v2\/tags?post=19008"}],"curies":[{"name":"wp","href":"https:\/\/api.w.org\/{rel}","templated":true}]}}