{"id":19021,"date":"2022-02-19T16:00:00","date_gmt":"2022-02-19T22:00:00","guid":{"rendered":"https:\/\/a3noticias.com.mx\/sandbox\/?p=19021"},"modified":"2022-02-18T14:18:09","modified_gmt":"2022-02-18T20:18:09","slug":"alcaldes-llevaron-a-cabo-ajoloton-fueron-acusados-de-maltrato-animal","status":"publish","type":"post","link":"https:\/\/a3noticias.com.mx\/sandbox\/2022\/02\/19\/alcaldes-llevaron-a-cabo-ajoloton-fueron-acusados-de-maltrato-animal\/","title":{"rendered":"Alcaldes llevaron a cabo \u00abajolot\u00f3n\u00bb, fueron acusados de maltrato animal"},"content":{"rendered":"\n<p>Durante la tarde del pasado mi\u00e9rcoles 16 de febrero, siete alcaldes afiliados al partido\u00a0Movimiento de Regeneraci\u00f3n Nacional\u00a0(Morena) presentaron el proyecto\u00a0<em>Ajolot\u00f3n, preservaci\u00f3n del ajolote y su h\u00e1bitat<\/em>\u00a0en el parque ecol\u00f3gico de Xochimilco.<\/p>\n\n\n\n<p>Durante el evento \u201cliberaron\u201d a decenas de ejemplares de la especie end\u00e9mica; sin embargo,\u00a0fueron se\u00f1alados por distintas organizaciones y grupos de apoyo para los ajolotes, ya que el lago donde fueron regados y donde se tomaron fotograf\u00edas y videos\u00a0tiene agua sumamente contaminada, por lo que el acto por preservar al ajolote podr\u00eda resultar contraproducente.<\/p>\n\n\n\n<p>Entre las im\u00e1genes que m\u00e1s llamaron la atenci\u00f3n resaltaron aquellas en las que\u00a0los alcaldes estaban manipulando a los animales en el pasto, pues entre risas y rodeados de c\u00e1maras, sostuvieron en sus manos a varios ajolotes, mientras el resto se encontraba en el c\u00e9sped.<\/p>\n\n\n\n<figure class=\"wp-block-image size-full\"><img loading=\"lazy\" decoding=\"async\" width=\"1200\" height=\"1600\" src=\"https:\/\/a3noticias.com.mx\/sandbox\/wp-content\/uploads\/2022\/02\/ajolotes.jpeg\" alt=\"\" class=\"wp-image-19022\" srcset=\"https:\/\/a3noticias.com.mx\/sandbox\/wp-content\/uploads\/2022\/02\/ajolotes.jpeg 1200w, https:\/\/a3noticias.com.mx\/sandbox\/wp-content\/uploads\/2022\/02\/ajolotes-225x300.jpeg 225w, https:\/\/a3noticias.com.mx\/sandbox\/wp-content\/uploads\/2022\/02\/ajolotes-68x90.jpeg 68w, https:\/\/a3noticias.com.mx\/sandbox\/wp-content\/uploads\/2022\/02\/ajolotes-768x1024.jpeg 768w, https:\/\/a3noticias.com.mx\/sandbox\/wp-content\/uploads\/2022\/02\/ajolotes-1152x1536.jpeg 1152w\" sizes=\"auto, (max-width: 1200px) 100vw, 1200px\" \/><\/figure>\n\n\n\n<p>Minutos despu\u00e9s, la cuenta oficial de\u00a0<em>Twitter<\/em>\u00a0de la alcald\u00eda de\u00a0Xochimilco\u00a0elimin\u00f3 las fotos en las que los alcaldes sostienen a los animales en las manos; sin embargo, fueron recuperadas por el grupo de\u00a0Coordinaci\u00f3n de Pueblos de Xochimilco, quienes criticaron el accionar de los protagonistas y catalogaron el evento como \u201cmaltrato animal\u201d.<\/p>\n\n\n\n<p>De acuerdo con Diana V\u00e1zquez Mendoza, bi\u00f3loga por la UNAM, la liberaci\u00f3n tuvo lugar en un \u00c1rea Natural Protegida con una reglamentaci\u00f3n para realizar cualquier actividad.&nbsp;<\/p>\n\n\n\n<blockquote class=\"wp-block-quote is-layout-flow wp-block-quote-is-layout-flow\"><p>\u201cPara la reintroducci\u00f3n de fauna\u00a0deber\u00e1n presentarse estudios de din\u00e1mica poblacional, interacciones tr\u00f3ficas de flora y fauna y planes de reintroducci\u00f3n previamente realizados\u201d.<\/p><\/blockquote>\n\n\n\n<p>Los estudios no habr\u00edan sido presentados para realizar el evento, por lo que se ignor\u00f3 la normativa que busca salvaguardar la integridad del ecosistema. Adem\u00e1s, la especialista en Ciencias de la Sostenibilidad explic\u00f3 que \u201clos ajolotes son anfibios muy sensibles al estr\u00e9s y al ambiente por su tipo de piel\u201d, por lo que exhibi\u00f3 los riesgos que tuvo la especie al estar expuesta con los alcaldes.<\/p>\n\n\n\n<blockquote class=\"wp-block-quote is-layout-flow wp-block-quote-is-layout-flow\"><p>\u201cCuando nuestras manos tienen contacto con ellos existen el riesgo de contraigan una infecci\u00f3n\u201d.<\/p><\/blockquote>\n\n\n\n<figure class=\"wp-block-image size-full\"><img loading=\"lazy\" decoding=\"async\" width=\"652\" height=\"433\" src=\"https:\/\/a3noticias.com.mx\/sandbox\/wp-content\/uploads\/2022\/02\/Captura-de-Pantalla-2022-02-18-a-las-14.16.39.png\" alt=\"\" class=\"wp-image-19023\" srcset=\"https:\/\/a3noticias.com.mx\/sandbox\/wp-content\/uploads\/2022\/02\/Captura-de-Pantalla-2022-02-18-a-las-14.16.39.png 652w, https:\/\/a3noticias.com.mx\/sandbox\/wp-content\/uploads\/2022\/02\/Captura-de-Pantalla-2022-02-18-a-las-14.16.39-300x199.png 300w, https:\/\/a3noticias.com.mx\/sandbox\/wp-content\/uploads\/2022\/02\/Captura-de-Pantalla-2022-02-18-a-las-14.16.39-136x90.png 136w\" sizes=\"auto, (max-width: 652px) 100vw, 652px\" \/><\/figure>\n","protected":false},"excerpt":{"rendered":"<p>Durante la tarde del pasado mi\u00e9rcoles 16 de febrero, siete alcaldes afiliados al partido\u00a0Movimiento de Regeneraci\u00f3n Nacional\u00a0(Morena) presentaron el proyecto\u00a0Ajolot\u00f3n, preservaci\u00f3n del ajolote y su h\u00e1bitat\u00a0en el parque ecol\u00f3gico de &hellip; <a href=\"https:\/\/a3noticias.com.mx\/sandbox\/2022\/02\/19\/alcaldes-llevaron-a-cabo-ajoloton-fueron-acusados-de-maltrato-animal\/\" class=\"more-link\">Leer m\u00e1s<\/a><\/p>\n","protected":false},"author":2,"featured_media":19023,"comment_status":"open","ping_status":"open","sticky":false,"template":"","format":"standard","meta":{"_monsterinsights_skip_tracking":false,"_monsterinsights_sitenote_active":false,"_monsterinsights_sitenote_note":"","_monsterinsights_sitenote_category":0,"footnotes":""},"categories":[1],"tags":[],"class_list":["post-19021","post","type-post","status-publish","format-standard","has-post-thumbnail","hentry","category-uncategorized","entry"],"aioseo_notices":[],"_links":{"self":[{"href":"https:\/\/a3noticias.com.mx\/sandbox\/wp-json\/wp\/v2\/posts\/19021","targetHints":{"allow":["GET"]}}],"collection":[{"href":"https:\/\/a3noticias.com.mx\/sandbox\/wp-json\/wp\/v2\/posts"}],"about":[{"href":"https:\/\/a3noticias.com.mx\/sandbox\/wp-json\/wp\/v2\/types\/post"}],"author":[{"embeddable":true,"href":"https:\/\/a3noticias.com.mx\/sandbox\/wp-json\/wp\/v2\/users\/2"}],"replies":[{"embeddable":true,"href":"https:\/\/a3noticias.com.mx\/sandbox\/wp-json\/wp\/v2\/comments?post=19021"}],"version-history":[{"count":1,"href":"https:\/\/a3noticias.com.mx\/sandbox\/wp-json\/wp\/v2\/posts\/19021\/revisions"}],"predecessor-version":[{"id":19024,"href":"https:\/\/a3noticias.com.mx\/sandbox\/wp-json\/wp\/v2\/posts\/19021\/revisions\/19024"}],"wp:featuredmedia":[{"embeddable":true,"href":"https:\/\/a3noticias.com.mx\/sandbox\/wp-json\/wp\/v2\/media\/19023"}],"wp:attachment":[{"href":"https:\/\/a3noticias.com.mx\/sandbox\/wp-json\/wp\/v2\/media?parent=19021"}],"wp:term":[{"taxonomy":"category","embeddable":true,"href":"https:\/\/a3noticias.com.mx\/sandbox\/wp-json\/wp\/v2\/categories?post=19021"},{"taxonomy":"post_tag","embeddable":true,"href":"https:\/\/a3noticias.com.mx\/sandbox\/wp-json\/wp\/v2\/tags?post=19021"}],"curies":[{"name":"wp","href":"https:\/\/api.w.org\/{rel}","templated":true}]}}