{"id":19026,"date":"2022-02-20T13:00:00","date_gmt":"2022-02-20T19:00:00","guid":{"rendered":"https:\/\/a3noticias.com.mx\/sandbox\/?p=19026"},"modified":"2022-02-18T16:15:53","modified_gmt":"2022-02-18T22:15:53","slug":"por-esta-razon-el-callejon-de-don-bartolo-se-llama-asi","status":"publish","type":"post","link":"https:\/\/a3noticias.com.mx\/sandbox\/2022\/02\/20\/por-esta-razon-el-callejon-de-don-bartolo-se-llama-asi\/","title":{"rendered":"Por esta raz\u00f3n \u201cEl Callej\u00f3n de Don Bartolo\u201d se llama as\u00ed"},"content":{"rendered":"\n<p>Todos conocen el famoso \u201cCallej\u00f3n de Don Bartolo\u201d ubicado en la calle Luis Pasteur del Centro Hist\u00f3rico queretano, sin embargo, \u00bfsabes por qu\u00e9 se llama as\u00ed?<\/p>\n\n\n\n<p>Seg\u00fan se sabe, a mediados del siglo XVII viv\u00eda en la Calle de Pasteur un hombre Segoviano, de nombre Bartolo Sadanetta, quien era un hombre adinerado y solitario. Con Don Bartolo viv\u00eda tambi\u00e9n su hermana, de quien dicen las malas lenguas estaba enamorado.<\/p>\n\n\n\n<p>Cada a\u00f1o, el hombre realizaba una fiesta de cumplea\u00f1os en la que pronunciaba exactamente las mismas palabras durante el brindis: \u201cla se\u00f1ora mi hermana, por mi \u00e1nima y por el 20 de mayo de 1701\u201d, lo que causaba extra\u00f1eza entre los presentes, sin darle mayor importancia pues desconoc\u00edan el significado que ten\u00eda para Don Bartolo ese d\u00eda que a\u00fan no llegaba.<\/p>\n\n\n\n<p>Al llegar la tan nombrada fecha, 20 de mayo de 1701, cuando ya era de noche se escuch\u00f3 una fuerte detonaci\u00f3n que alert\u00f3 a los lugare\u00f1os, quienes al d\u00eda siguiente llamaron al alcalde y a la polic\u00eda,&nbsp;al detectar que no hab\u00eda movimiento en el inmueble.<\/p>\n\n\n\n<p>Cuando la polic\u00eda arrib\u00f3 al lugar encontr\u00f3 una terrible escena, la hermana de Don Bartolo yac\u00eda muerta en el piso, aparentemente asesinada por \u00e9l y Don Bartolo se encontraba adherido al techo de la habitaci\u00f3n, carbonizado.&nbsp;<\/p>\n\n\n\n<p>Durante la investigaci\u00f3n, se dice que las autoridades encontraron en el guardarropa de Don Bartolo un contrato de un pacto que el hombre habr\u00eda hecho con el diablo y en el cual el segoviano entregaba su alma al maligno a cambio de riquezas y opulencia en la fecha mencionada.<\/p>\n\n\n\n<p>La casa estuvo deshabitada durante mucho tiempo pues la gente que por ah\u00ed transitaba dec\u00eda que espantaban, pues constantemente se escuchaban ruidos y se ve\u00eda movimiento en su interior.<\/p>\n","protected":false},"excerpt":{"rendered":"<p>Todos conocen el famoso \u201cCallej\u00f3n de Don Bartolo\u201d ubicado en la calle Luis Pasteur del Centro Hist\u00f3rico queretano, sin embargo, \u00bfsabes por qu\u00e9 se llama as\u00ed? Seg\u00fan se sabe, a &hellip; <a href=\"https:\/\/a3noticias.com.mx\/sandbox\/2022\/02\/20\/por-esta-razon-el-callejon-de-don-bartolo-se-llama-asi\/\" class=\"more-link\">Leer m\u00e1s<\/a><\/p>\n","protected":false},"author":4,"featured_media":19027,"comment_status":"open","ping_status":"open","sticky":false,"template":"","format":"standard","meta":{"_monsterinsights_skip_tracking":false,"_monsterinsights_sitenote_active":false,"_monsterinsights_sitenote_note":"","_monsterinsights_sitenote_category":0,"footnotes":""},"categories":[9],"tags":[],"class_list":["post-19026","post","type-post","status-publish","format-standard","has-post-thumbnail","hentry","category-cultura","entry"],"aioseo_notices":[],"_links":{"self":[{"href":"https:\/\/a3noticias.com.mx\/sandbox\/wp-json\/wp\/v2\/posts\/19026","targetHints":{"allow":["GET"]}}],"collection":[{"href":"https:\/\/a3noticias.com.mx\/sandbox\/wp-json\/wp\/v2\/posts"}],"about":[{"href":"https:\/\/a3noticias.com.mx\/sandbox\/wp-json\/wp\/v2\/types\/post"}],"author":[{"embeddable":true,"href":"https:\/\/a3noticias.com.mx\/sandbox\/wp-json\/wp\/v2\/users\/4"}],"replies":[{"embeddable":true,"href":"https:\/\/a3noticias.com.mx\/sandbox\/wp-json\/wp\/v2\/comments?post=19026"}],"version-history":[{"count":1,"href":"https:\/\/a3noticias.com.mx\/sandbox\/wp-json\/wp\/v2\/posts\/19026\/revisions"}],"predecessor-version":[{"id":19028,"href":"https:\/\/a3noticias.com.mx\/sandbox\/wp-json\/wp\/v2\/posts\/19026\/revisions\/19028"}],"wp:featuredmedia":[{"embeddable":true,"href":"https:\/\/a3noticias.com.mx\/sandbox\/wp-json\/wp\/v2\/media\/19027"}],"wp:attachment":[{"href":"https:\/\/a3noticias.com.mx\/sandbox\/wp-json\/wp\/v2\/media?parent=19026"}],"wp:term":[{"taxonomy":"category","embeddable":true,"href":"https:\/\/a3noticias.com.mx\/sandbox\/wp-json\/wp\/v2\/categories?post=19026"},{"taxonomy":"post_tag","embeddable":true,"href":"https:\/\/a3noticias.com.mx\/sandbox\/wp-json\/wp\/v2\/tags?post=19026"}],"curies":[{"name":"wp","href":"https:\/\/api.w.org\/{rel}","templated":true}]}}