{"id":19036,"date":"2022-02-21T10:18:32","date_gmt":"2022-02-21T16:18:32","guid":{"rendered":"https:\/\/a3noticias.com.mx\/sandbox\/?p=19036"},"modified":"2022-02-21T10:18:34","modified_gmt":"2022-02-21T16:18:34","slug":"luego-de-100-dias-de-carrera-german-silva-culmina-reto-pinole","status":"publish","type":"post","link":"https:\/\/a3noticias.com.mx\/sandbox\/2022\/02\/21\/luego-de-100-dias-de-carrera-german-silva-culmina-reto-pinole\/","title":{"rendered":"Luego de 100 d\u00edas de carrera, Germ\u00e1n Silva culmina Reto Pinole"},"content":{"rendered":"\n<p>Luego de 100 d\u00edas de carrera, el maratonista Germ\u00e1n Silva culmin\u00f3 los 5 mil 60 kil\u00f3metros del \u201cReto Pinole\u201d en el que recorri\u00f3 gran parte del pa\u00eds a un promedio de 50 kil\u00f3metros por d\u00eda.<\/p>\n\n\n\n<p>El recorrido por \u201clas venas de M\u00e9xico\u201d const\u00f3 de 100 etapas, dando inicio en Tijuana el pasado 2 de noviembre, cruzando por 19 estados de la Rep\u00fablica Mexicana (entre los que se encuentra Quer\u00e9taro), y concluyendo este domingo en Tulum, Quintana Roo, en Caleta Tankah.<\/p>\n\n\n\n<p>El bicampe\u00f3n del marat\u00f3n de Nueva York se pronunci\u00f3 feliz de haber completado el \u201cReto Pinole\u201d y agradeci\u00f3 a las estados participantes el haberle permitido&nbsp; conocer sus maravillas naturales, tradiciones, cultura y grandeza. Asimismo, agradeci\u00f3 el apoyo de quienes lo impulsaron a seguir adelante y dedic\u00f3 su logro a su familia.<\/p>\n\n\n\n<blockquote class=\"wp-block-quote is-layout-flow wp-block-quote-is-layout-flow\"><p>\u201cDedico este logro a mi familia entera, a todas las familias, quienes requerimos vivir motivados e inspirados, para sobrepasar estos momentos de estragos, causados por la peor pandemia mundial\u201d, escribi\u00f3 en sus redes sociales.<\/p><\/blockquote>\n\n\n\n<p>Silva corri\u00f3 un promedio de 120 maratones durante todo el Reto Pinole, con solo 8 d\u00edas de descanso de los 100 que dur\u00f3 el proyecto, de los cuales 2 d\u00edas los tom\u00f3 para recuperarse de una lesi\u00f3n y uno por compromiso.<\/p>\n\n\n\n<blockquote class=\"wp-block-quote is-layout-flow wp-block-quote-is-layout-flow\"><p>\u201cEstoy convencido que el cuerpo humano, est\u00e1 dise\u00f1ado para correr, para lograr cualquier reto f\u00edsico, est\u00e1 habilidad, puede convencer a nuestra mente a vivir en armon\u00eda, con el universo entero, simplemente estoy feliz de lograrlo\u201d, se lee en su p\u00e1gina de Facebook.<\/p><\/blockquote>\n\n\n\n<p>Al arribar a Caleta Tankah, el subcampe\u00f3n del Mundial de Medio Marat\u00f3n en 1994, fue recibido con gran j\u00fabilo por un gran n\u00famero de aficionados y un cham\u00e1n quien le llev\u00f3 a cabo una ceremonia para recuperar la uni\u00f3n que los mayas ten\u00edan con la naturaleza.&nbsp;<\/p>\n\n\n\n<blockquote class=\"wp-block-quote is-layout-flow wp-block-quote-is-layout-flow\"><p>\u201cUna hermosa traves\u00eda llena de bellos paisajes y de gente valiosa, gracias a ustedes y su apoyo incondicional fue posible culminar hoy los 5060 km, agradecemos tambi\u00e9n a nuestros patrocinadores que hicieron que este logro fuese posible\u201d, escribi\u00f3.<\/p><\/blockquote>\n\n\n\n<figure class=\"wp-block-video aligncenter\"><video height=\"848\" style=\"aspect-ratio: 480 \/ 848;\" width=\"480\" controls src=\"https:\/\/a3noticias.com.mx\/sandbox\/wp-content\/uploads\/2022\/02\/10000000_686847108991818_2038191471501709853_n-1.mp4\"><\/video><\/figure>\n","protected":false},"excerpt":{"rendered":"<p>Luego de 100 d\u00edas de carrera, el maratonista Germ\u00e1n Silva culmin\u00f3 los 5 mil 60 kil\u00f3metros del \u201cReto Pinole\u201d en el que recorri\u00f3 gran parte del pa\u00eds a un promedio &hellip; <a href=\"https:\/\/a3noticias.com.mx\/sandbox\/2022\/02\/21\/luego-de-100-dias-de-carrera-german-silva-culmina-reto-pinole\/\" class=\"more-link\">Leer m\u00e1s<\/a><\/p>\n","protected":false},"author":4,"featured_media":19041,"comment_status":"open","ping_status":"open","sticky":false,"template":"","format":"standard","meta":{"_monsterinsights_skip_tracking":false,"_monsterinsights_sitenote_active":false,"_monsterinsights_sitenote_note":"","_monsterinsights_sitenote_category":0,"footnotes":""},"categories":[5],"tags":[],"class_list":["post-19036","post","type-post","status-publish","format-standard","has-post-thumbnail","hentry","category-sports","entry"],"aioseo_notices":[],"_links":{"self":[{"href":"https:\/\/a3noticias.com.mx\/sandbox\/wp-json\/wp\/v2\/posts\/19036","targetHints":{"allow":["GET"]}}],"collection":[{"href":"https:\/\/a3noticias.com.mx\/sandbox\/wp-json\/wp\/v2\/posts"}],"about":[{"href":"https:\/\/a3noticias.com.mx\/sandbox\/wp-json\/wp\/v2\/types\/post"}],"author":[{"embeddable":true,"href":"https:\/\/a3noticias.com.mx\/sandbox\/wp-json\/wp\/v2\/users\/4"}],"replies":[{"embeddable":true,"href":"https:\/\/a3noticias.com.mx\/sandbox\/wp-json\/wp\/v2\/comments?post=19036"}],"version-history":[{"count":1,"href":"https:\/\/a3noticias.com.mx\/sandbox\/wp-json\/wp\/v2\/posts\/19036\/revisions"}],"predecessor-version":[{"id":19042,"href":"https:\/\/a3noticias.com.mx\/sandbox\/wp-json\/wp\/v2\/posts\/19036\/revisions\/19042"}],"wp:featuredmedia":[{"embeddable":true,"href":"https:\/\/a3noticias.com.mx\/sandbox\/wp-json\/wp\/v2\/media\/19041"}],"wp:attachment":[{"href":"https:\/\/a3noticias.com.mx\/sandbox\/wp-json\/wp\/v2\/media?parent=19036"}],"wp:term":[{"taxonomy":"category","embeddable":true,"href":"https:\/\/a3noticias.com.mx\/sandbox\/wp-json\/wp\/v2\/categories?post=19036"},{"taxonomy":"post_tag","embeddable":true,"href":"https:\/\/a3noticias.com.mx\/sandbox\/wp-json\/wp\/v2\/tags?post=19036"}],"curies":[{"name":"wp","href":"https:\/\/api.w.org\/{rel}","templated":true}]}}