{"id":19043,"date":"2022-02-21T11:51:15","date_gmt":"2022-02-21T17:51:15","guid":{"rendered":"https:\/\/a3noticias.com.mx\/sandbox\/?p=19043"},"modified":"2022-02-21T11:51:17","modified_gmt":"2022-02-21T17:51:17","slug":"gobierno-estatal-llama-a-feministas-a-manifestarse-pacificamente-el-8m","status":"publish","type":"post","link":"https:\/\/a3noticias.com.mx\/sandbox\/2022\/02\/21\/gobierno-estatal-llama-a-feministas-a-manifestarse-pacificamente-el-8m\/","title":{"rendered":"Gobierno Estatal llama a feministas a manifestarse pac\u00edficamente el 8M."},"content":{"rendered":"\n<p>El gobierno queretano hace un llamado a los grupos feministas a manifestarse de forma pac\u00edfica el pr\u00f3ximo 8 de marzo en el marco del D\u00eda Internacional de la Mujer.<\/p>\n\n\n\n<p>Guadalupe Murgu\u00eda, titular de la Secretar\u00eda de Gobierno Estatal, pidi\u00f3 a las mujeres que se manifiesten sin alterar el orden, da\u00f1ar edificios y monumentos p\u00fablicos.&nbsp;<\/p>\n\n\n\n<p>Asimismo, la secretaria de Gobierno, se\u00f1al\u00f3 que ya se han reunido con representantes de estas agrupaciones para conocer sus inquietudes y poder avanzar en los temas que ellas manifiestan.<\/p>\n\n\n\n<p>La funcionaria estatal asegur\u00f3 que las autoridades estatales y municipales estar\u00e1n al pendiente de que no se contamine la participaci\u00f3n de los colectivos de mujeres de Quer\u00e9taro con cualquier grupo \u00abreventador\u00bb que venga de otros estados, pues&nbsp; record\u00f3 que en manifestaciones de a\u00f1os anteriores, en donde s\u00ed se han registrado da\u00f1os y pintas, en edificios y monumentos p\u00fablicos, se ha tratado de grupos de otras entidades que vienen a hacer da\u00f1os y se van.&nbsp;<\/p>\n","protected":false},"excerpt":{"rendered":"<p>El gobierno queretano hace un llamado a los grupos feministas a manifestarse de forma pac\u00edfica el pr\u00f3ximo 8 de marzo en el marco del D\u00eda Internacional de la Mujer. Guadalupe &hellip; <a href=\"https:\/\/a3noticias.com.mx\/sandbox\/2022\/02\/21\/gobierno-estatal-llama-a-feministas-a-manifestarse-pacificamente-el-8m\/\" class=\"more-link\">Leer m\u00e1s<\/a><\/p>\n","protected":false},"author":2,"featured_media":19049,"comment_status":"open","ping_status":"open","sticky":false,"template":"","format":"standard","meta":{"_monsterinsights_skip_tracking":false,"_monsterinsights_sitenote_active":false,"_monsterinsights_sitenote_note":"","_monsterinsights_sitenote_category":0,"footnotes":""},"categories":[2],"tags":[],"class_list":["post-19043","post","type-post","status-publish","format-standard","has-post-thumbnail","hentry","category-qro","entry"],"aioseo_notices":[],"_links":{"self":[{"href":"https:\/\/a3noticias.com.mx\/sandbox\/wp-json\/wp\/v2\/posts\/19043","targetHints":{"allow":["GET"]}}],"collection":[{"href":"https:\/\/a3noticias.com.mx\/sandbox\/wp-json\/wp\/v2\/posts"}],"about":[{"href":"https:\/\/a3noticias.com.mx\/sandbox\/wp-json\/wp\/v2\/types\/post"}],"author":[{"embeddable":true,"href":"https:\/\/a3noticias.com.mx\/sandbox\/wp-json\/wp\/v2\/users\/2"}],"replies":[{"embeddable":true,"href":"https:\/\/a3noticias.com.mx\/sandbox\/wp-json\/wp\/v2\/comments?post=19043"}],"version-history":[{"count":1,"href":"https:\/\/a3noticias.com.mx\/sandbox\/wp-json\/wp\/v2\/posts\/19043\/revisions"}],"predecessor-version":[{"id":19050,"href":"https:\/\/a3noticias.com.mx\/sandbox\/wp-json\/wp\/v2\/posts\/19043\/revisions\/19050"}],"wp:featuredmedia":[{"embeddable":true,"href":"https:\/\/a3noticias.com.mx\/sandbox\/wp-json\/wp\/v2\/media\/19049"}],"wp:attachment":[{"href":"https:\/\/a3noticias.com.mx\/sandbox\/wp-json\/wp\/v2\/media?parent=19043"}],"wp:term":[{"taxonomy":"category","embeddable":true,"href":"https:\/\/a3noticias.com.mx\/sandbox\/wp-json\/wp\/v2\/categories?post=19043"},{"taxonomy":"post_tag","embeddable":true,"href":"https:\/\/a3noticias.com.mx\/sandbox\/wp-json\/wp\/v2\/tags?post=19043"}],"curies":[{"name":"wp","href":"https:\/\/api.w.org\/{rel}","templated":true}]}}