{"id":19051,"date":"2022-02-21T14:35:07","date_gmt":"2022-02-21T20:35:07","guid":{"rendered":"https:\/\/a3noticias.com.mx\/sandbox\/?p=19051"},"modified":"2022-02-21T14:35:09","modified_gmt":"2022-02-21T20:35:09","slug":"mejores-nadadores-de-la-natacion-mexicana-presentes-en-4ta-edicion-de-copa-heller-2022","status":"publish","type":"post","link":"https:\/\/a3noticias.com.mx\/sandbox\/2022\/02\/21\/mejores-nadadores-de-la-natacion-mexicana-presentes-en-4ta-edicion-de-copa-heller-2022\/","title":{"rendered":"Mejores nadadores de la nataci\u00f3n mexicana presentes en 4ta edici\u00f3n de Copa Heller 2022."},"content":{"rendered":"\n<p>Con el objetivo de mejorar los aspectos t\u00e9cnicos rumbo a la Copa Internacional Heller 2022, los nadadores ol\u00edmpicos y mundialistas de la Acu\u00e1tica Nelson Vargas, tuvieron una concentraci\u00f3n en Quer\u00e9taro, donde trabajaron con intensidad.<\/p>\n\n\n\n<p>Los atletas Jos\u00e9 \u00c1ngel Mart\u00ednez, H\u00e9ctor Ruvalcaba Cruz, Ricardo David Vargas, Miguel de Lara Ojeada, Bryanca Melissa Rodr\u00edguez Villanueva y Mar\u00eda Jos\u00e9 Mata Coco, a trav\u00e9s de rueda de prensa, dieron a conocer sus expectativas para la nueva temporada, entre ellas la 4ta edici\u00f3n de la Copa Internacional Heller que tendr\u00e1 como sede Quer\u00e9taro del 24 al 27 de febrero; se manifestaron alegres por lo que han podido compartir, lograr y, sobre todo, proyectar para el pr\u00f3ximo ciclo ol\u00edmpico.&nbsp;<\/p>\n\n\n\n<blockquote class=\"wp-block-quote is-layout-flow wp-block-quote-is-layout-flow\"><p>\u201cHemos tenido una gran experiencia aqu\u00ed, no solo con los chavos de Quer\u00e9taro, sino tambi\u00e9n con la selecci\u00f3n mexicana, el poder estar aqu\u00ed entregando juntos es algo que nos beneficia much\u00edsimo a todos porque tenemos metas grandes y metas colectivas que al final queremos hacer historia para el pa\u00eds, creo que vamos por buen camino\u201d<\/p><\/blockquote>\n\n\n\n<p>Los nadadores dicen sentirse agradecidos con el gobierno queretano, pues hacer un evento de concentraci\u00f3n de esta magnitud ya estaba en los planes, sin embargo, pese a haber tocado muchas puertas, no hab\u00edan corrido con suerte hasta que el Gobierno de Quer\u00e9taro les brind\u00f3 el apoyo necesario.&nbsp;<\/p>\n\n\n\n<blockquote class=\"wp-block-quote is-layout-flow wp-block-quote-is-layout-flow\"><p>\u201cPor suerte el gobierno de Quer\u00e9taro nos recibi\u00f3 con las puertas abiertas, dispuestos a ayudarnos, a sumarse a nuestra preparaci\u00f3n para esta temporada\u201d.\u00a0<\/p><\/blockquote>\n\n\n\n<p>Los nueve pa\u00edses que ser\u00e1n parte de la Copa Internacional Heller 2022 son: Estados Unidos, Trinidad y Tobago, Venezuela, Brasil, Hungr\u00eda, Pa\u00edses Bajos, Guatemala, Canad\u00e1 y M\u00e9xico, quienes estar\u00e1n representados por m\u00faltiples medallistas ol\u00edmpicos, mundiales y finalistas en estos dos eventos de impacto mundial<\/p>\n","protected":false},"excerpt":{"rendered":"<p>Con el objetivo de mejorar los aspectos t\u00e9cnicos rumbo a la Copa Internacional Heller 2022, los nadadores ol\u00edmpicos y mundialistas de la Acu\u00e1tica Nelson Vargas, tuvieron una concentraci\u00f3n en Quer\u00e9taro, &hellip; <a href=\"https:\/\/a3noticias.com.mx\/sandbox\/2022\/02\/21\/mejores-nadadores-de-la-natacion-mexicana-presentes-en-4ta-edicion-de-copa-heller-2022\/\" class=\"more-link\">Leer m\u00e1s<\/a><\/p>\n","protected":false},"author":2,"featured_media":19052,"comment_status":"open","ping_status":"open","sticky":false,"template":"","format":"standard","meta":{"_monsterinsights_skip_tracking":false,"_monsterinsights_sitenote_active":false,"_monsterinsights_sitenote_note":"","_monsterinsights_sitenote_category":0,"footnotes":""},"categories":[5,2],"tags":[],"class_list":["post-19051","post","type-post","status-publish","format-standard","has-post-thumbnail","hentry","category-sports","category-qro","entry"],"aioseo_notices":[],"_links":{"self":[{"href":"https:\/\/a3noticias.com.mx\/sandbox\/wp-json\/wp\/v2\/posts\/19051","targetHints":{"allow":["GET"]}}],"collection":[{"href":"https:\/\/a3noticias.com.mx\/sandbox\/wp-json\/wp\/v2\/posts"}],"about":[{"href":"https:\/\/a3noticias.com.mx\/sandbox\/wp-json\/wp\/v2\/types\/post"}],"author":[{"embeddable":true,"href":"https:\/\/a3noticias.com.mx\/sandbox\/wp-json\/wp\/v2\/users\/2"}],"replies":[{"embeddable":true,"href":"https:\/\/a3noticias.com.mx\/sandbox\/wp-json\/wp\/v2\/comments?post=19051"}],"version-history":[{"count":1,"href":"https:\/\/a3noticias.com.mx\/sandbox\/wp-json\/wp\/v2\/posts\/19051\/revisions"}],"predecessor-version":[{"id":19053,"href":"https:\/\/a3noticias.com.mx\/sandbox\/wp-json\/wp\/v2\/posts\/19051\/revisions\/19053"}],"wp:featuredmedia":[{"embeddable":true,"href":"https:\/\/a3noticias.com.mx\/sandbox\/wp-json\/wp\/v2\/media\/19052"}],"wp:attachment":[{"href":"https:\/\/a3noticias.com.mx\/sandbox\/wp-json\/wp\/v2\/media?parent=19051"}],"wp:term":[{"taxonomy":"category","embeddable":true,"href":"https:\/\/a3noticias.com.mx\/sandbox\/wp-json\/wp\/v2\/categories?post=19051"},{"taxonomy":"post_tag","embeddable":true,"href":"https:\/\/a3noticias.com.mx\/sandbox\/wp-json\/wp\/v2\/tags?post=19051"}],"curies":[{"name":"wp","href":"https:\/\/api.w.org\/{rel}","templated":true}]}}