{"id":19054,"date":"2022-02-22T08:00:00","date_gmt":"2022-02-22T14:00:00","guid":{"rendered":"https:\/\/a3noticias.com.mx\/sandbox\/?p=19054"},"modified":"2022-02-21T16:46:11","modified_gmt":"2022-02-21T22:46:11","slug":"imss-finaliza-expedicion-de-permiso-covid-19","status":"publish","type":"post","link":"https:\/\/a3noticias.com.mx\/sandbox\/2022\/02\/22\/imss-finaliza-expedicion-de-permiso-covid-19\/","title":{"rendered":"IMSS finaliza expedici\u00f3n de Permiso Covid-19."},"content":{"rendered":"\n<p>Ante la disminuci\u00f3n de contagios de Covid-19, el Instituto Mexicano del Seguro Social (IMSS), culmina hoy 22 de febrero con el Permiso COVID-19 3.0, el cual se trataba de una solicitud de incapacidad temporal para el trabajo de manera digital.<\/p>\n\n\n\n<p>Por esta raz\u00f3n, a partir de ahora, los trabajadores que presenten s\u00edntomas de COVID-19 deber\u00e1n acudir directamente a las Unidades de Medicina Familiar para su valoraci\u00f3n presencial y, en su caso, la expedici\u00f3n de su incapacidad temporal para el trabajo.<\/p>\n\n\n\n<p>Los \u00faltimos datos del Instituto explican que se otorgaron 373 mil 296 Permisos COVID, lo cual evit\u00f3 el traslado del mismo n\u00famero de trabajadoras para su tr\u00e1mite y consecuente cobro en ventanillas, deteniendo cadenas de contagio.<\/p>\n\n\n\n<blockquote class=\"wp-block-quote is-layout-flow wp-block-quote-is-layout-flow\"><p>\u201cDesde marzo de 2020, el Permiso COVID-19 se constituy\u00f3 como un importante mecanismo para detener cadenas de contagio y proteger a las y los asegurados y sus familias, mediante la automatizaci\u00f3n del tr\u00e1mite de incapacidad temporal para el trabajo, y evitar traslados tanto a las unidades m\u00e9dicas\u201d.<\/p><\/blockquote>\n\n\n\n<figure class=\"wp-block-embed-twitter wp-block-embed is-type-rich is-provider-twitter\"><div class=\"wp-block-embed__wrapper\">\n<blockquote class=\"twitter-tweet\" data-width=\"550\" data-dnt=\"true\"><p lang=\"es\" dir=\"ltr\">Ante la disminuci\u00f3n de contagios y de solicitudes de incapacidad temporal para el trabajo, a partir del 22 de febrero finalizar\u00e1 el otorgamiento del <a href=\"https:\/\/twitter.com\/hashtag\/PermisoCOVID?src=hash&amp;ref_src=twsrc%5Etfw\">#PermisoCOVID<\/a>.<a href=\"https:\/\/t.co\/PXlwOJlQlT\">https:\/\/t.co\/PXlwOJlQlT<\/a> <a href=\"https:\/\/t.co\/2pKx0RoUav\">pic.twitter.com\/2pKx0RoUav<\/a><\/p>&mdash; IMSS (@Tu_IMSS) <a href=\"https:\/\/twitter.com\/Tu_IMSS\/status\/1495818107646091277?ref_src=twsrc%5Etfw\">February 21, 2022<\/a><\/blockquote><script async src=\"https:\/\/platform.twitter.com\/widgets.js\" charset=\"utf-8\"><\/script>\n<\/div><\/figure>\n","protected":false},"excerpt":{"rendered":"<p>Ante la disminuci\u00f3n de contagios de Covid-19, el Instituto Mexicano del Seguro Social (IMSS), culmina hoy 22 de febrero con el Permiso COVID-19 3.0, el cual se trataba de una &hellip; <a href=\"https:\/\/a3noticias.com.mx\/sandbox\/2022\/02\/22\/imss-finaliza-expedicion-de-permiso-covid-19\/\" class=\"more-link\">Leer m\u00e1s<\/a><\/p>\n","protected":false},"author":2,"featured_media":19055,"comment_status":"open","ping_status":"open","sticky":false,"template":"","format":"standard","meta":{"_monsterinsights_skip_tracking":false,"_monsterinsights_sitenote_active":false,"_monsterinsights_sitenote_note":"","_monsterinsights_sitenote_category":0,"footnotes":""},"categories":[3],"tags":[],"class_list":["post-19054","post","type-post","status-publish","format-standard","has-post-thumbnail","hentry","category-nal","entry"],"aioseo_notices":[],"_links":{"self":[{"href":"https:\/\/a3noticias.com.mx\/sandbox\/wp-json\/wp\/v2\/posts\/19054","targetHints":{"allow":["GET"]}}],"collection":[{"href":"https:\/\/a3noticias.com.mx\/sandbox\/wp-json\/wp\/v2\/posts"}],"about":[{"href":"https:\/\/a3noticias.com.mx\/sandbox\/wp-json\/wp\/v2\/types\/post"}],"author":[{"embeddable":true,"href":"https:\/\/a3noticias.com.mx\/sandbox\/wp-json\/wp\/v2\/users\/2"}],"replies":[{"embeddable":true,"href":"https:\/\/a3noticias.com.mx\/sandbox\/wp-json\/wp\/v2\/comments?post=19054"}],"version-history":[{"count":2,"href":"https:\/\/a3noticias.com.mx\/sandbox\/wp-json\/wp\/v2\/posts\/19054\/revisions"}],"predecessor-version":[{"id":19057,"href":"https:\/\/a3noticias.com.mx\/sandbox\/wp-json\/wp\/v2\/posts\/19054\/revisions\/19057"}],"wp:featuredmedia":[{"embeddable":true,"href":"https:\/\/a3noticias.com.mx\/sandbox\/wp-json\/wp\/v2\/media\/19055"}],"wp:attachment":[{"href":"https:\/\/a3noticias.com.mx\/sandbox\/wp-json\/wp\/v2\/media?parent=19054"}],"wp:term":[{"taxonomy":"category","embeddable":true,"href":"https:\/\/a3noticias.com.mx\/sandbox\/wp-json\/wp\/v2\/categories?post=19054"},{"taxonomy":"post_tag","embeddable":true,"href":"https:\/\/a3noticias.com.mx\/sandbox\/wp-json\/wp\/v2\/tags?post=19054"}],"curies":[{"name":"wp","href":"https:\/\/api.w.org\/{rel}","templated":true}]}}