{"id":19061,"date":"2022-02-22T09:48:36","date_gmt":"2022-02-22T15:48:36","guid":{"rendered":"https:\/\/a3noticias.com.mx\/sandbox\/?p=19061"},"modified":"2022-02-22T09:48:37","modified_gmt":"2022-02-22T15:48:37","slug":"pese-a-veda-electoral-amlo-vuelve-a-hablar-de-consulta-por-revocacion-de-mandato","status":"publish","type":"post","link":"https:\/\/a3noticias.com.mx\/sandbox\/2022\/02\/22\/pese-a-veda-electoral-amlo-vuelve-a-hablar-de-consulta-por-revocacion-de-mandato\/","title":{"rendered":"Pese a veda electoral, AMLO vuelve a hablar de consulta por &#8216;Revocaci\u00f3n de Mandato&#8217;."},"content":{"rendered":"\n<p>Pese a que desde el pasado 4 de febrero inici\u00f3 la veda electoral por la revocaci\u00f3n de mandato, el presidente Andr\u00e9s Manuel L\u00f3pez Obrador volvi\u00f3 a hablar de ella en la conferencia \u2018La Ma\u00f1anera\u2019.&nbsp;<\/p>\n\n\n\n<p>En esta ocasi\u00f3n \u200b\u200by pese a que la convocatoria detalla que no puede hacer promoci\u00f3n de programas sociales, as\u00ed como de la consulta de Revocaci\u00f3n de Mandato, pues esto solo lo puede hacer el Instituto Nacional Electoral (INE), el jefe del Ejecutivo dijo que no la est\u00e1n haciendo con gusto.<\/p>\n\n\n\n<blockquote class=\"wp-block-quote is-layout-flow wp-block-quote-is-layout-flow\"><p>\u201c(La consulta) la est\u00e1n haciendo a rega\u00f1adientes, no lo hacen con gusto, no les causa placer la democracia\u201d.<\/p><\/blockquote>\n\n\n\n<p>En ese sentido, se\u00f1al\u00f3 que tienen un \u201cenfrentamiento\u201d con el INE porque constantemente est\u00e1n enfrentando desaf\u00edos.<\/p>\n\n\n\n<p>Sin embargo, no es la primera vez que el presidente viola la veda electoral, tan solo ayer, durante su conferencia matutina, abord\u00f3 el tema de programas sociales, as\u00ed como el de la revocaci\u00f3n de mandato.<\/p>\n\n\n\n<blockquote class=\"wp-block-quote is-layout-flow wp-block-quote-is-layout-flow\"><p>\u201cEn mi caso ahora no estoy infringiendo ninguna ley porque no estoy diciendo que se incline la poblaci\u00f3n por uno por otra postura, lo que estoy expresando es de que un modo de resolver nuestras diferencias es a trav\u00e9s del m\u00e9todo democr\u00e1tico y que vamos a tener la oportunidad el 10 de abril\u201d.<\/p><\/blockquote>\n\n\n\n<p>Por otro lado, el mandatario federal, insisti\u00f3 en que periodistas famosos, entre ellos Carlos Loret de Mola,&nbsp; den a conocer su sueldo, pues algunos ganan tanto dinero que \u201cse ir\u00eda de espaldas\u201d.&nbsp;<\/p>\n","protected":false},"excerpt":{"rendered":"<p>Pese a que desde el pasado 4 de febrero inici\u00f3 la veda electoral por la revocaci\u00f3n de mandato, el presidente Andr\u00e9s Manuel L\u00f3pez Obrador volvi\u00f3 a hablar de ella en &hellip; <a href=\"https:\/\/a3noticias.com.mx\/sandbox\/2022\/02\/22\/pese-a-veda-electoral-amlo-vuelve-a-hablar-de-consulta-por-revocacion-de-mandato\/\" class=\"more-link\">Leer m\u00e1s<\/a><\/p>\n","protected":false},"author":2,"featured_media":19069,"comment_status":"open","ping_status":"open","sticky":false,"template":"","format":"standard","meta":{"_monsterinsights_skip_tracking":false,"_monsterinsights_sitenote_active":false,"_monsterinsights_sitenote_note":"","_monsterinsights_sitenote_category":0,"footnotes":""},"categories":[3],"tags":[],"class_list":["post-19061","post","type-post","status-publish","format-standard","has-post-thumbnail","hentry","category-nal","entry"],"aioseo_notices":[],"_links":{"self":[{"href":"https:\/\/a3noticias.com.mx\/sandbox\/wp-json\/wp\/v2\/posts\/19061","targetHints":{"allow":["GET"]}}],"collection":[{"href":"https:\/\/a3noticias.com.mx\/sandbox\/wp-json\/wp\/v2\/posts"}],"about":[{"href":"https:\/\/a3noticias.com.mx\/sandbox\/wp-json\/wp\/v2\/types\/post"}],"author":[{"embeddable":true,"href":"https:\/\/a3noticias.com.mx\/sandbox\/wp-json\/wp\/v2\/users\/2"}],"replies":[{"embeddable":true,"href":"https:\/\/a3noticias.com.mx\/sandbox\/wp-json\/wp\/v2\/comments?post=19061"}],"version-history":[{"count":1,"href":"https:\/\/a3noticias.com.mx\/sandbox\/wp-json\/wp\/v2\/posts\/19061\/revisions"}],"predecessor-version":[{"id":19070,"href":"https:\/\/a3noticias.com.mx\/sandbox\/wp-json\/wp\/v2\/posts\/19061\/revisions\/19070"}],"wp:featuredmedia":[{"embeddable":true,"href":"https:\/\/a3noticias.com.mx\/sandbox\/wp-json\/wp\/v2\/media\/19069"}],"wp:attachment":[{"href":"https:\/\/a3noticias.com.mx\/sandbox\/wp-json\/wp\/v2\/media?parent=19061"}],"wp:term":[{"taxonomy":"category","embeddable":true,"href":"https:\/\/a3noticias.com.mx\/sandbox\/wp-json\/wp\/v2\/categories?post=19061"},{"taxonomy":"post_tag","embeddable":true,"href":"https:\/\/a3noticias.com.mx\/sandbox\/wp-json\/wp\/v2\/tags?post=19061"}],"curies":[{"name":"wp","href":"https:\/\/api.w.org\/{rel}","templated":true}]}}