{"id":19062,"date":"2022-02-22T09:45:02","date_gmt":"2022-02-22T15:45:02","guid":{"rendered":"https:\/\/a3noticias.com.mx\/sandbox\/?p=19062"},"modified":"2022-02-22T09:47:47","modified_gmt":"2022-02-22T15:47:47","slug":"cuarta-ola-se-encuentra-en-una-meseta-seseq","status":"publish","type":"post","link":"https:\/\/a3noticias.com.mx\/sandbox\/2022\/02\/22\/cuarta-ola-se-encuentra-en-una-meseta-seseq\/","title":{"rendered":"Cuarta ola se encuentra en una meseta: SESEQ"},"content":{"rendered":"\n<p>La cuarta ola de Covid-19 en la entidad se encuentra en una \u201cmeseta\u201d, de acuerdo con la titular de la Secretar\u00eda de Salud del Estado de Quer\u00e9taro (SESEQ), Martina P\u00e9rez Rend\u00f3n, quien indic\u00f3 que los casos activos de coronavirus se han mantenido en un promedio de 200 por d\u00eda.<\/p>\n\n\n\n<p>La Secretaria de Salud Estatal refiri\u00f3 que a pesar del descenso que est\u00e1 presentando la cuarta ola de contagios \u201ceste virus a veces nos da sorpresas\u201d, por lo que no debemos confiarnos pues de acuerdo al comportamiento que ha presentando la enfermedad desde su aparici\u00f3n, es probable una quinta ola de contagios.<\/p>\n\n\n\n<blockquote class=\"wp-block-quote is-layout-flow wp-block-quote-is-layout-flow\"><p>\u201cEn efecto el comportamiento tanto en casos como en hospitalizaci\u00f3n es descendente, pero este virus a veces nos da sorpresas, ahorita queremos confiar en que ese es el comportamiento, en esos t\u00e9rminos, de un descenso. Ahora, en casos descendimos y llegamos a una meseta ah\u00ed nos hemos mantenido, alrededor de 200 caso por d\u00eda\u201d acot\u00f3.<\/p><\/blockquote>\n\n\n\n<p>Se\u00f1al\u00f3 que el \u00edndice de positividad a\u00fan es alto, pues por cada 100 pruebas PCR que realiza en la entidad el sector p\u00fablico, 65 son positivas, lo que indica la circulaci\u00f3n del virus.<\/p>\n\n\n\n<p>Asimismo, detall\u00f3 que las vacunas han dotado un panorama \u201chalagador\u201d pues desde su aplicaci\u00f3n se ha presentado una disminuci\u00f3n en las hospitalizaciones y defunciones.<\/p>\n\n\n\n<p>P\u00e9rez Rend\u00f3n asever\u00f3 que el que se presente o no una quinta ola, depender\u00e1 en gran medida de que la poblaci\u00f3n contin\u00fae adaptando las medidas sanitarias, as\u00ed como de la vacunaci\u00f3n y de que no aparezca una nueva mutaci\u00f3n del virus.<\/p>\n\n\n\n<p>Finalmente, inform\u00f3 que los contagios durante esta cuarta ola, se han presentado mayormente en personas que oscilan entre los 25 y los 49 a\u00f1os de edad.<\/p>\n","protected":false},"excerpt":{"rendered":"<p>La cuarta ola de Covid-19 en la entidad se encuentra en una \u201cmeseta\u201d, de acuerdo con la titular de la Secretar\u00eda de Salud del Estado de Quer\u00e9taro (SESEQ), Martina P\u00e9rez &hellip; <a href=\"https:\/\/a3noticias.com.mx\/sandbox\/2022\/02\/22\/cuarta-ola-se-encuentra-en-una-meseta-seseq\/\" class=\"more-link\">Leer m\u00e1s<\/a><\/p>\n","protected":false},"author":4,"featured_media":19068,"comment_status":"open","ping_status":"open","sticky":false,"template":"","format":"standard","meta":{"_monsterinsights_skip_tracking":false,"_monsterinsights_sitenote_active":false,"_monsterinsights_sitenote_note":"","_monsterinsights_sitenote_category":0,"footnotes":""},"categories":[2],"tags":[],"class_list":["post-19062","post","type-post","status-publish","format-standard","has-post-thumbnail","hentry","category-qro","entry"],"aioseo_notices":[],"_links":{"self":[{"href":"https:\/\/a3noticias.com.mx\/sandbox\/wp-json\/wp\/v2\/posts\/19062","targetHints":{"allow":["GET"]}}],"collection":[{"href":"https:\/\/a3noticias.com.mx\/sandbox\/wp-json\/wp\/v2\/posts"}],"about":[{"href":"https:\/\/a3noticias.com.mx\/sandbox\/wp-json\/wp\/v2\/types\/post"}],"author":[{"embeddable":true,"href":"https:\/\/a3noticias.com.mx\/sandbox\/wp-json\/wp\/v2\/users\/4"}],"replies":[{"embeddable":true,"href":"https:\/\/a3noticias.com.mx\/sandbox\/wp-json\/wp\/v2\/comments?post=19062"}],"version-history":[{"count":1,"href":"https:\/\/a3noticias.com.mx\/sandbox\/wp-json\/wp\/v2\/posts\/19062\/revisions"}],"predecessor-version":[{"id":19065,"href":"https:\/\/a3noticias.com.mx\/sandbox\/wp-json\/wp\/v2\/posts\/19062\/revisions\/19065"}],"wp:featuredmedia":[{"embeddable":true,"href":"https:\/\/a3noticias.com.mx\/sandbox\/wp-json\/wp\/v2\/media\/19068"}],"wp:attachment":[{"href":"https:\/\/a3noticias.com.mx\/sandbox\/wp-json\/wp\/v2\/media?parent=19062"}],"wp:term":[{"taxonomy":"category","embeddable":true,"href":"https:\/\/a3noticias.com.mx\/sandbox\/wp-json\/wp\/v2\/categories?post=19062"},{"taxonomy":"post_tag","embeddable":true,"href":"https:\/\/a3noticias.com.mx\/sandbox\/wp-json\/wp\/v2\/tags?post=19062"}],"curies":[{"name":"wp","href":"https:\/\/api.w.org\/{rel}","templated":true}]}}