{"id":19088,"date":"2022-02-23T09:43:09","date_gmt":"2022-02-23T15:43:09","guid":{"rendered":"https:\/\/a3noticias.com.mx\/sandbox\/?p=19088"},"modified":"2022-02-23T09:43:11","modified_gmt":"2022-02-23T15:43:11","slug":"en-el-tema-de-periodistas-asesinados-amlo-asegura-que-no-ha-mandado-a-matar-a-nadie","status":"publish","type":"post","link":"https:\/\/a3noticias.com.mx\/sandbox\/2022\/02\/23\/en-el-tema-de-periodistas-asesinados-amlo-asegura-que-no-ha-mandado-a-matar-a-nadie\/","title":{"rendered":"En el tema de periodistas asesinados, AMLO asegura que no ha mandado a matar a nadie."},"content":{"rendered":"\n<p>La violencia contra periodistas en M\u00e9xico contin\u00faa generando reacciones en el extranjero; ahora fue el Secretario de Estado de Estados Unidos, quien se pronunci\u00f3 a trav\u00e9s de sus redes sociales diciendo que el alto n\u00famero de periodistas asesinados en M\u00e9xico este a\u00f1o y las continuas amenazas que enfrentan son preocupantes.&nbsp;<\/p>\n\n\n\n<blockquote class=\"wp-block-quote is-layout-flow wp-block-quote-is-layout-flow\"><p>\u201cMe uno a quienes piden mayor responsabilidad y protecci\u00f3n para los periodistas mexicanos\u201d.<\/p><\/blockquote>\n\n\n\n<p>Al respecto el presidente de M\u00e9xico, Andr\u00e9s Manuel L\u00f3pez Obrador dijo que orden\u00f3 al canciller Marcelo Ebrard que le entregara una carta a Blinken donde adjuntar\u00e1 una relaci\u00f3n de los asesinatos a periodistas porque \u201clo est\u00e1n malinformando\u201d<\/p>\n\n\n\n<blockquote class=\"wp-block-quote is-layout-flow wp-block-quote-is-layout-flow\"><p>\u201cEn la ma\u00f1ana le di instrucciones a Marcelo Ebrard que le env\u00ede una relaci\u00f3n de todos los casos, informando de todos los casos pero tambi\u00e9n lo vamos a hacer aqu\u00ed (en la ma\u00f1anera)\u201d.<\/p><\/blockquote>\n\n\n\n<p>En este sentido, el jefe del Ejecutivo asegura que no ha mandado a matar a nadie y que en su gobierno no hay impunidad y se\u00f1al\u00f3 que cuando se mata a un periodista, inmediatamente se act\u00faa y se pide investigar a autoridades.<\/p>\n\n\n\n<p>Agreg\u00f3 que ya no hay cr\u00edmenes de Estado y, una vez m\u00e1s, insisti\u00f3 que ya no es como antes que se violaban los derechos humanos.<\/p>\n\n\n\n<blockquote class=\"wp-block-quote is-layout-flow wp-block-quote-is-layout-flow\"><p>\u201cNosotros nunca vamos a mandar la orden de que se reprima, a nadie; no vamos a mandar matar a nadie; no es m\u00e1talos en caliente; no es si est\u00e1 herido, rem\u00e1talo. Eso ya se termin\u00f3\u201d.<\/p><\/blockquote>\n","protected":false},"excerpt":{"rendered":"<p>La violencia contra periodistas en M\u00e9xico contin\u00faa generando reacciones en el extranjero; ahora fue el Secretario de Estado de Estados Unidos, quien se pronunci\u00f3 a trav\u00e9s de sus redes sociales &hellip; <a href=\"https:\/\/a3noticias.com.mx\/sandbox\/2022\/02\/23\/en-el-tema-de-periodistas-asesinados-amlo-asegura-que-no-ha-mandado-a-matar-a-nadie\/\" class=\"more-link\">Leer m\u00e1s<\/a><\/p>\n","protected":false},"author":2,"featured_media":19089,"comment_status":"open","ping_status":"open","sticky":false,"template":"","format":"standard","meta":{"_monsterinsights_skip_tracking":false,"_monsterinsights_sitenote_active":false,"_monsterinsights_sitenote_note":"","_monsterinsights_sitenote_category":0,"footnotes":""},"categories":[3],"tags":[],"class_list":["post-19088","post","type-post","status-publish","format-standard","has-post-thumbnail","hentry","category-nal","entry"],"aioseo_notices":[],"_links":{"self":[{"href":"https:\/\/a3noticias.com.mx\/sandbox\/wp-json\/wp\/v2\/posts\/19088","targetHints":{"allow":["GET"]}}],"collection":[{"href":"https:\/\/a3noticias.com.mx\/sandbox\/wp-json\/wp\/v2\/posts"}],"about":[{"href":"https:\/\/a3noticias.com.mx\/sandbox\/wp-json\/wp\/v2\/types\/post"}],"author":[{"embeddable":true,"href":"https:\/\/a3noticias.com.mx\/sandbox\/wp-json\/wp\/v2\/users\/2"}],"replies":[{"embeddable":true,"href":"https:\/\/a3noticias.com.mx\/sandbox\/wp-json\/wp\/v2\/comments?post=19088"}],"version-history":[{"count":1,"href":"https:\/\/a3noticias.com.mx\/sandbox\/wp-json\/wp\/v2\/posts\/19088\/revisions"}],"predecessor-version":[{"id":19090,"href":"https:\/\/a3noticias.com.mx\/sandbox\/wp-json\/wp\/v2\/posts\/19088\/revisions\/19090"}],"wp:featuredmedia":[{"embeddable":true,"href":"https:\/\/a3noticias.com.mx\/sandbox\/wp-json\/wp\/v2\/media\/19089"}],"wp:attachment":[{"href":"https:\/\/a3noticias.com.mx\/sandbox\/wp-json\/wp\/v2\/media?parent=19088"}],"wp:term":[{"taxonomy":"category","embeddable":true,"href":"https:\/\/a3noticias.com.mx\/sandbox\/wp-json\/wp\/v2\/categories?post=19088"},{"taxonomy":"post_tag","embeddable":true,"href":"https:\/\/a3noticias.com.mx\/sandbox\/wp-json\/wp\/v2\/tags?post=19088"}],"curies":[{"name":"wp","href":"https:\/\/api.w.org\/{rel}","templated":true}]}}