{"id":19091,"date":"2022-02-23T10:34:00","date_gmt":"2022-02-23T16:34:00","guid":{"rendered":"https:\/\/a3noticias.com.mx\/sandbox\/?p=19091"},"modified":"2022-02-23T10:34:03","modified_gmt":"2022-02-23T16:34:03","slug":"iqt-y-legislatura-local-trabajan-en-conjunto-para-llevar-a-cabo-cumplimiento-de-plan-estatal-de-movilidad","status":"publish","type":"post","link":"https:\/\/a3noticias.com.mx\/sandbox\/2022\/02\/23\/iqt-y-legislatura-local-trabajan-en-conjunto-para-llevar-a-cabo-cumplimiento-de-plan-estatal-de-movilidad\/","title":{"rendered":"IQT y Legislatura local trabajan en conjunto para llevar a cabo cumplimiento de Plan Estatal de Movilidad."},"content":{"rendered":"\n<p>La Comisi\u00f3n de Movilidad Sustentable y Tr\u00e1nsito de la LX Legislatura de Quer\u00e9taro ha estado trabajando en conjunto con el Instituto Queretano del Transporte (IQT) en el cumplimiento de los objetivos del Plan Estatal de Movilidad.<\/p>\n\n\n\n<blockquote class=\"wp-block-quote is-layout-flow wp-block-quote-is-layout-flow\"><p>\u201cHemos estado trabajando de la mano con el IQT. La Comisi\u00f3n va a ser una comisi\u00f3n que facilite las necesidades que tenga el IQT y estamos trabajando junto con ellos en las modificaciones reglamentarias o jur\u00eddicas que necesiten\u201d Diputado Enrique Correa<\/p><\/blockquote>\n\n\n\n<p>Entre los objetivos principales, destaca el mejoramiento del transporte p\u00fablico para ascender a los primeros lugares en calidad del servicio, as\u00ed como superar los efectos de la pandemia, lograr frecuencias adecuadas en horas pico y mejorar la infraestructura.&nbsp;<\/p>\n\n\n\n<p>Asimismo, el legislador se\u00f1al\u00f3 que es un gran reto enfrentar el crecimiento poblacional y el padr\u00f3n vehicular, por lo que es momento de impulsar una cultura de movilidad sustentable.&nbsp;<\/p>\n\n\n\n<blockquote class=\"wp-block-quote is-layout-flow wp-block-quote-is-layout-flow\"><p>\u201cCu\u00e1ntos de los trayectos que tenemos en la semana podr\u00edamos realizarlos a pie, cu\u00e1ntos en bicicleta, cu\u00e1ntos podr\u00edamos no realizarlos y a lo mejor adaptarme a alguna plataforma para adquirir alg\u00fan producto o bien, ese es el gran reto\u201d .<\/p><\/blockquote>\n\n\n\n<p>Apunt\u00f3 que las peticiones m\u00e1s frecuentes de los usuarios del transporte p\u00fablico es que se mejore la calidad del servicio, los horarios, la frecuencia, limpieza, as\u00ed como el trato de los choferes; sin embargo a\u00fan se deben esperar los resultados de las encuestas aplicadas por el IQT para conocer las \u00e1reas de oportunidad en donde podr\u00eda requerirse el trabajo legislativo.\u00a0<\/p>\n","protected":false},"excerpt":{"rendered":"<p>La Comisi\u00f3n de Movilidad Sustentable y Tr\u00e1nsito de la LX Legislatura de Quer\u00e9taro ha estado trabajando en conjunto con el Instituto Queretano del Transporte (IQT) en el cumplimiento de los &hellip; <a href=\"https:\/\/a3noticias.com.mx\/sandbox\/2022\/02\/23\/iqt-y-legislatura-local-trabajan-en-conjunto-para-llevar-a-cabo-cumplimiento-de-plan-estatal-de-movilidad\/\" class=\"more-link\">Leer m\u00e1s<\/a><\/p>\n","protected":false},"author":2,"featured_media":19018,"comment_status":"open","ping_status":"open","sticky":false,"template":"","format":"standard","meta":{"_monsterinsights_skip_tracking":false,"_monsterinsights_sitenote_active":false,"_monsterinsights_sitenote_note":"","_monsterinsights_sitenote_category":0,"footnotes":""},"categories":[2],"tags":[],"class_list":["post-19091","post","type-post","status-publish","format-standard","has-post-thumbnail","hentry","category-qro","entry"],"aioseo_notices":[],"_links":{"self":[{"href":"https:\/\/a3noticias.com.mx\/sandbox\/wp-json\/wp\/v2\/posts\/19091","targetHints":{"allow":["GET"]}}],"collection":[{"href":"https:\/\/a3noticias.com.mx\/sandbox\/wp-json\/wp\/v2\/posts"}],"about":[{"href":"https:\/\/a3noticias.com.mx\/sandbox\/wp-json\/wp\/v2\/types\/post"}],"author":[{"embeddable":true,"href":"https:\/\/a3noticias.com.mx\/sandbox\/wp-json\/wp\/v2\/users\/2"}],"replies":[{"embeddable":true,"href":"https:\/\/a3noticias.com.mx\/sandbox\/wp-json\/wp\/v2\/comments?post=19091"}],"version-history":[{"count":1,"href":"https:\/\/a3noticias.com.mx\/sandbox\/wp-json\/wp\/v2\/posts\/19091\/revisions"}],"predecessor-version":[{"id":19092,"href":"https:\/\/a3noticias.com.mx\/sandbox\/wp-json\/wp\/v2\/posts\/19091\/revisions\/19092"}],"wp:featuredmedia":[{"embeddable":true,"href":"https:\/\/a3noticias.com.mx\/sandbox\/wp-json\/wp\/v2\/media\/19018"}],"wp:attachment":[{"href":"https:\/\/a3noticias.com.mx\/sandbox\/wp-json\/wp\/v2\/media?parent=19091"}],"wp:term":[{"taxonomy":"category","embeddable":true,"href":"https:\/\/a3noticias.com.mx\/sandbox\/wp-json\/wp\/v2\/categories?post=19091"},{"taxonomy":"post_tag","embeddable":true,"href":"https:\/\/a3noticias.com.mx\/sandbox\/wp-json\/wp\/v2\/tags?post=19091"}],"curies":[{"name":"wp","href":"https:\/\/api.w.org\/{rel}","templated":true}]}}