{"id":19093,"date":"2022-02-23T11:11:02","date_gmt":"2022-02-23T17:11:02","guid":{"rendered":"https:\/\/a3noticias.com.mx\/sandbox\/?p=19093"},"modified":"2022-02-23T11:11:04","modified_gmt":"2022-02-23T17:11:04","slug":"arturo-zaldivar-denuncio-presion-del-gobierno-de-calderon-para-proteger-a-familia-de-zavala-por-caso-guarderia-abc","status":"publish","type":"post","link":"https:\/\/a3noticias.com.mx\/sandbox\/2022\/02\/23\/arturo-zaldivar-denuncio-presion-del-gobierno-de-calderon-para-proteger-a-familia-de-zavala-por-caso-guarderia-abc\/","title":{"rendered":"Arturo Zald\u00edvar denunci\u00f3 presi\u00f3n del gobierno de Calder\u00f3n para proteger a familia de Zavala por caso Guarder\u00eda ABC."},"content":{"rendered":"\n<p>Arturo Zald\u00edvar, presidente de la Suprema Corte de Justicia de la Naci\u00f3n (SCJN), denunci\u00f3 que hubo una \u201coperaci\u00f3n de Estado\u201d para proteger a la familia de Margarita Zavala, y no involucrarla en el caso de la Guarder\u00eda ABC, de Hermosillo, Sonora, donde por un incendio perdieron la vida 49 ni\u00f1os, el 5 de junio de 2009.&nbsp;<\/p>\n\n\n\n<blockquote class=\"wp-block-quote is-layout-flow wp-block-quote-is-layout-flow\"><p>\u201cHoy puedo dar fe de una operaci\u00f3n de Estado para proteger a la familia de la esposa (Margarita Zavala) del presidente (Felipe Calder\u00f3n), para proteger a los altos funcionarios p\u00fablicos de ese gobierno que hoy vienen a hablar de Estado de Derecho y de autonom\u00eda y de no s\u00e9 cu\u00e1ntas cosas, sin ninguna autoridad para decirlo\u201d,\u00a0<\/p><\/blockquote>\n\n\n\n<p>Fue durante la presentaci\u00f3n de su libro \u201c10 a\u00f1os de derechos. Autobiograf\u00eda jurisprudencial\u201d, en la Escuela Federal de Formaci\u00f3n Judicial, donde Zald\u00edvar afirm\u00f3 que el entonces secretario de Gobernaci\u00f3n, Fernando G\u00f3mez Mont, lo visit\u00f3 en su oficina para presionarlo y que cambiara el proyecto de sentencia, en donde se\u00f1al\u00f3 las responsabilidades de funcionarios del IMSS y familiares de Margarita Zavala, asegur\u00f3 que incluso terminaron a gritos dicha conversaci\u00f3n.<\/p>\n\n\n\n<blockquote class=\"wp-block-quote is-layout-flow wp-block-quote-is-layout-flow\"><p>\u201cEl tono de voz iba subiendo cada vez m\u00e1s, hasta que terminamos a gritos, en un momento me dice el secretario: Dice el presidente que no te apoyamos para esto, y le dije, &#8216;dile al Presidente que postul\u00f3 un ministro, no design\u00f3 un secretario de Estado, que yo no soy su empleado y no voy a llevar en mi conciencia la muerte de 49 ni\u00f1os\u201d<\/p><\/blockquote>\n\n\n\n<p>Incluso, el Ministro, relat\u00f3 que en ese entonces era tanta la presi\u00f3n que sent\u00eda que le dio instrucciones a su secretaria para que guardara el proyecto bajo llave, y si \u00e9l no aparec\u00eda al d\u00eda siguiente, lo difundiera ante la prensa.&nbsp;<\/p>\n\n\n\n<blockquote class=\"wp-block-quote is-layout-flow wp-block-quote-is-layout-flow\"><p>\u201cEra tal la tensi\u00f3n que yo no sab\u00eda si iba a poder llegar a la Corte\u201d<\/p><\/blockquote>\n\n\n\n<p>Dijo que tambi\u00e9n recibi\u00f3 \u201camenazas veladas de compa\u00f1eros ministros\u201d y varias advertencias de diferente tipo, hasta que se lleg\u00f3 a la discusi\u00f3n del tema por tres d\u00edas.&nbsp;<\/p>\n\n\n\n<p>Asever\u00f3 que antes de que la Corte discutiera el tema, algunos pap\u00e1s y mam\u00e1s le contaron que el gobierno de Felipe Calder\u00f3n no hab\u00eda permitido que salieran aviones a Sacramento, donde hab\u00eda un hospital esper\u00e1ndolos para poderlos curar porque no quer\u00edan que se hiciera grande el esc\u00e1ndalo.&nbsp;<\/p>\n\n\n\n<blockquote class=\"wp-block-quote is-layout-flow wp-block-quote-is-layout-flow\"><p>\u201cHay mayor\u00edas vergonzosas y hay minor\u00edas que honran, hay votaciones que se pierden, pero hay debates que se ganan, y lo importante es tratar de estar siempre del lado correcto de la historia, y para m\u00ed el \u00fanico lado correcto de la historia es el de los derechos de todas las personas\u201d<\/p><\/blockquote>\n\n\n\n<p>Pese a perder la votaci\u00f3n sobre el asunto, dijo que \u00e9l no carga en la conciencia con la muerte de los ni\u00f1os de la Guarder\u00eda ABC.&nbsp;<\/p>\n","protected":false},"excerpt":{"rendered":"<p>Arturo Zald\u00edvar, presidente de la Suprema Corte de Justicia de la Naci\u00f3n (SCJN), denunci\u00f3 que hubo una \u201coperaci\u00f3n de Estado\u201d para proteger a la familia de Margarita Zavala, y no &hellip; <a href=\"https:\/\/a3noticias.com.mx\/sandbox\/2022\/02\/23\/arturo-zaldivar-denuncio-presion-del-gobierno-de-calderon-para-proteger-a-familia-de-zavala-por-caso-guarderia-abc\/\" class=\"more-link\">Leer m\u00e1s<\/a><\/p>\n","protected":false},"author":2,"featured_media":19094,"comment_status":"open","ping_status":"open","sticky":false,"template":"","format":"standard","meta":{"_monsterinsights_skip_tracking":false,"_monsterinsights_sitenote_active":false,"_monsterinsights_sitenote_note":"","_monsterinsights_sitenote_category":0,"footnotes":""},"categories":[3],"tags":[],"class_list":["post-19093","post","type-post","status-publish","format-standard","has-post-thumbnail","hentry","category-nal","entry"],"aioseo_notices":[],"_links":{"self":[{"href":"https:\/\/a3noticias.com.mx\/sandbox\/wp-json\/wp\/v2\/posts\/19093","targetHints":{"allow":["GET"]}}],"collection":[{"href":"https:\/\/a3noticias.com.mx\/sandbox\/wp-json\/wp\/v2\/posts"}],"about":[{"href":"https:\/\/a3noticias.com.mx\/sandbox\/wp-json\/wp\/v2\/types\/post"}],"author":[{"embeddable":true,"href":"https:\/\/a3noticias.com.mx\/sandbox\/wp-json\/wp\/v2\/users\/2"}],"replies":[{"embeddable":true,"href":"https:\/\/a3noticias.com.mx\/sandbox\/wp-json\/wp\/v2\/comments?post=19093"}],"version-history":[{"count":1,"href":"https:\/\/a3noticias.com.mx\/sandbox\/wp-json\/wp\/v2\/posts\/19093\/revisions"}],"predecessor-version":[{"id":19095,"href":"https:\/\/a3noticias.com.mx\/sandbox\/wp-json\/wp\/v2\/posts\/19093\/revisions\/19095"}],"wp:featuredmedia":[{"embeddable":true,"href":"https:\/\/a3noticias.com.mx\/sandbox\/wp-json\/wp\/v2\/media\/19094"}],"wp:attachment":[{"href":"https:\/\/a3noticias.com.mx\/sandbox\/wp-json\/wp\/v2\/media?parent=19093"}],"wp:term":[{"taxonomy":"category","embeddable":true,"href":"https:\/\/a3noticias.com.mx\/sandbox\/wp-json\/wp\/v2\/categories?post=19093"},{"taxonomy":"post_tag","embeddable":true,"href":"https:\/\/a3noticias.com.mx\/sandbox\/wp-json\/wp\/v2\/tags?post=19093"}],"curies":[{"name":"wp","href":"https:\/\/api.w.org\/{rel}","templated":true}]}}