{"id":19096,"date":"2022-02-23T12:08:00","date_gmt":"2022-02-23T18:08:00","guid":{"rendered":"https:\/\/a3noticias.com.mx\/sandbox\/?p=19096"},"modified":"2022-02-23T12:08:03","modified_gmt":"2022-02-23T18:08:03","slug":"manifestacion-8m-tendra-acompanamiento-por-la-ddhq","status":"publish","type":"post","link":"https:\/\/a3noticias.com.mx\/sandbox\/2022\/02\/23\/manifestacion-8m-tendra-acompanamiento-por-la-ddhq\/","title":{"rendered":"Manifestaci\u00f3n 8M tendr\u00e1 acompa\u00f1amiento por la DDHQ."},"content":{"rendered":"\n<p>Javier Rascado P\u00e9rez, titular de la Direcci\u00f3n de Derechos Humanos de Quer\u00e9taro, se\u00f1al\u00f3 que se dar\u00e1 acompa\u00f1amiento a la manifestaci\u00f3n programada para el 8 de marzo en el marco del D\u00eda Internacional de la Mujer.&nbsp;<\/p>\n\n\n\n<blockquote class=\"wp-block-quote is-layout-flow wp-block-quote-is-layout-flow\"><p>\u201cSiempre la Defensor\u00eda con acompa\u00f1amiento y personas de la propia instituci\u00f3n que estar\u00e1n atentos a que no se violenten los derechos humanos\u201d.<\/p><\/blockquote>\n\n\n\n<p>Mencion\u00f3 que la DDHQ cuenta con la capacidad y voluntad de dar dicho acompa\u00f1amiento, sin embargo, no precis\u00f3 con cu\u00e1nto personal se dar\u00e1 seguimiento a esta marcha.<\/p>\n","protected":false},"excerpt":{"rendered":"<p>Javier Rascado P\u00e9rez, titular de la Direcci\u00f3n de Derechos Humanos de Quer\u00e9taro, se\u00f1al\u00f3 que se dar\u00e1 acompa\u00f1amiento a la manifestaci\u00f3n programada para el 8 de marzo en el marco del &hellip; <a href=\"https:\/\/a3noticias.com.mx\/sandbox\/2022\/02\/23\/manifestacion-8m-tendra-acompanamiento-por-la-ddhq\/\" class=\"more-link\">Leer m\u00e1s<\/a><\/p>\n","protected":false},"author":2,"featured_media":19049,"comment_status":"open","ping_status":"open","sticky":false,"template":"","format":"standard","meta":{"_monsterinsights_skip_tracking":false,"_monsterinsights_sitenote_active":false,"_monsterinsights_sitenote_note":"","_monsterinsights_sitenote_category":0,"footnotes":""},"categories":[2],"tags":[],"class_list":["post-19096","post","type-post","status-publish","format-standard","has-post-thumbnail","hentry","category-qro","entry"],"aioseo_notices":[],"_links":{"self":[{"href":"https:\/\/a3noticias.com.mx\/sandbox\/wp-json\/wp\/v2\/posts\/19096","targetHints":{"allow":["GET"]}}],"collection":[{"href":"https:\/\/a3noticias.com.mx\/sandbox\/wp-json\/wp\/v2\/posts"}],"about":[{"href":"https:\/\/a3noticias.com.mx\/sandbox\/wp-json\/wp\/v2\/types\/post"}],"author":[{"embeddable":true,"href":"https:\/\/a3noticias.com.mx\/sandbox\/wp-json\/wp\/v2\/users\/2"}],"replies":[{"embeddable":true,"href":"https:\/\/a3noticias.com.mx\/sandbox\/wp-json\/wp\/v2\/comments?post=19096"}],"version-history":[{"count":1,"href":"https:\/\/a3noticias.com.mx\/sandbox\/wp-json\/wp\/v2\/posts\/19096\/revisions"}],"predecessor-version":[{"id":19097,"href":"https:\/\/a3noticias.com.mx\/sandbox\/wp-json\/wp\/v2\/posts\/19096\/revisions\/19097"}],"wp:featuredmedia":[{"embeddable":true,"href":"https:\/\/a3noticias.com.mx\/sandbox\/wp-json\/wp\/v2\/media\/19049"}],"wp:attachment":[{"href":"https:\/\/a3noticias.com.mx\/sandbox\/wp-json\/wp\/v2\/media?parent=19096"}],"wp:term":[{"taxonomy":"category","embeddable":true,"href":"https:\/\/a3noticias.com.mx\/sandbox\/wp-json\/wp\/v2\/categories?post=19096"},{"taxonomy":"post_tag","embeddable":true,"href":"https:\/\/a3noticias.com.mx\/sandbox\/wp-json\/wp\/v2\/tags?post=19096"}],"curies":[{"name":"wp","href":"https:\/\/api.w.org\/{rel}","templated":true}]}}