{"id":19101,"date":"2022-02-23T15:11:03","date_gmt":"2022-02-23T21:11:03","guid":{"rendered":"https:\/\/a3noticias.com.mx\/sandbox\/?p=19101"},"modified":"2022-02-23T15:11:05","modified_gmt":"2022-02-23T21:11:05","slug":"secretaria-de-gobierno-apoya-derecho-de-familias-para-decidir-orden-de-apellidos-de-sus-hijos","status":"publish","type":"post","link":"https:\/\/a3noticias.com.mx\/sandbox\/2022\/02\/23\/secretaria-de-gobierno-apoya-derecho-de-familias-para-decidir-orden-de-apellidos-de-sus-hijos\/","title":{"rendered":"Secretaria de Gobierno apoya derecho de familias para decidir orden de apellidos de sus hijos."},"content":{"rendered":"\n<p>Luego de que el d\u00eda de hoy se llev\u00f3 a cabo el primer registro para que una familia pusiera a su hija los apellidos maternos de los padres (es decir, el apellido de las abuelas), la Secretaria de Gobierno, Guadalupe Murgu\u00eda, dijo que los progenitores est\u00e1n en su derecho de decidir qu\u00e9 apellido desean para sus hijos.&nbsp;<\/p>\n\n\n\n<blockquote class=\"wp-block-quote is-layout-flow wp-block-quote-is-layout-flow\"><p>\u201cYa las resoluciones judiciales permiten a las madres y a los padres incluso, el que ellos puedan decidir cu\u00e1l es el primer apellido\u201d.<\/p><\/blockquote>\n\n\n\n<p>Asimismo, dijo que desconoce cu\u00e1l fue la reforma legal que permiti\u00f3 al Registro Civil llevar a cabo el registro de la menor en Quer\u00e9taro, pues se trata de un caso en el cual el Registro Civil rechaz\u00f3 previamente la solicitud, lo cual deriv\u00f3 en un juicio de amparo y concluy\u00f3 este jueves en el registro del menor.&nbsp;<\/p>\n","protected":false},"excerpt":{"rendered":"<p>Luego de que el d\u00eda de hoy se llev\u00f3 a cabo el primer registro para que una familia pusiera a su hija los apellidos maternos de los padres (es decir, &hellip; <a href=\"https:\/\/a3noticias.com.mx\/sandbox\/2022\/02\/23\/secretaria-de-gobierno-apoya-derecho-de-familias-para-decidir-orden-de-apellidos-de-sus-hijos\/\" class=\"more-link\">Leer m\u00e1s<\/a><\/p>\n","protected":false},"author":2,"featured_media":19102,"comment_status":"open","ping_status":"open","sticky":false,"template":"","format":"standard","meta":{"_monsterinsights_skip_tracking":false,"_monsterinsights_sitenote_active":false,"_monsterinsights_sitenote_note":"","_monsterinsights_sitenote_category":0,"footnotes":""},"categories":[2],"tags":[],"class_list":["post-19101","post","type-post","status-publish","format-standard","has-post-thumbnail","hentry","category-qro","entry"],"aioseo_notices":[],"_links":{"self":[{"href":"https:\/\/a3noticias.com.mx\/sandbox\/wp-json\/wp\/v2\/posts\/19101","targetHints":{"allow":["GET"]}}],"collection":[{"href":"https:\/\/a3noticias.com.mx\/sandbox\/wp-json\/wp\/v2\/posts"}],"about":[{"href":"https:\/\/a3noticias.com.mx\/sandbox\/wp-json\/wp\/v2\/types\/post"}],"author":[{"embeddable":true,"href":"https:\/\/a3noticias.com.mx\/sandbox\/wp-json\/wp\/v2\/users\/2"}],"replies":[{"embeddable":true,"href":"https:\/\/a3noticias.com.mx\/sandbox\/wp-json\/wp\/v2\/comments?post=19101"}],"version-history":[{"count":1,"href":"https:\/\/a3noticias.com.mx\/sandbox\/wp-json\/wp\/v2\/posts\/19101\/revisions"}],"predecessor-version":[{"id":19103,"href":"https:\/\/a3noticias.com.mx\/sandbox\/wp-json\/wp\/v2\/posts\/19101\/revisions\/19103"}],"wp:featuredmedia":[{"embeddable":true,"href":"https:\/\/a3noticias.com.mx\/sandbox\/wp-json\/wp\/v2\/media\/19102"}],"wp:attachment":[{"href":"https:\/\/a3noticias.com.mx\/sandbox\/wp-json\/wp\/v2\/media?parent=19101"}],"wp:term":[{"taxonomy":"category","embeddable":true,"href":"https:\/\/a3noticias.com.mx\/sandbox\/wp-json\/wp\/v2\/categories?post=19101"},{"taxonomy":"post_tag","embeddable":true,"href":"https:\/\/a3noticias.com.mx\/sandbox\/wp-json\/wp\/v2\/tags?post=19101"}],"curies":[{"name":"wp","href":"https:\/\/api.w.org\/{rel}","templated":true}]}}