{"id":19104,"date":"2022-02-23T16:45:53","date_gmt":"2022-02-23T22:45:53","guid":{"rendered":"https:\/\/a3noticias.com.mx\/sandbox\/?p=19104"},"modified":"2022-02-23T16:45:56","modified_gmt":"2022-02-23T22:45:56","slug":"rescatan-a-hombre-que-fue-privado-de-su-libertad-en-su-cajuela-hay-tres-detenidos","status":"publish","type":"post","link":"https:\/\/a3noticias.com.mx\/sandbox\/2022\/02\/23\/rescatan-a-hombre-que-fue-privado-de-su-libertad-en-su-cajuela-hay-tres-detenidos\/","title":{"rendered":"Rescatan a hombre que fue privado de su libertad en su cajuela; hay tres detenidos."},"content":{"rendered":"\n<p>Luego de una persecuci\u00f3n de parte cuerpos de seguridad, se llev\u00f3 a cabo la detenci\u00f3n de tres sujetos que habr\u00edan privado de la libertad al conductor de una plataforma digital, as\u00ed como el rescate de \u00e9ste, quien se encontraba al interior de la cajuela del veh\u00edculo en el que se desplazaban los presuntos responsables.<\/p>\n\n\n\n<p>El joven fue privado de su libertad en la comunidad de El Tejocote, Tequisquiapan, mientras que la detenci\u00f3n se hizo en el Macro libramiento Palmillas Apaseo el Grande en el kil\u00f3metro 3.<\/p>\n\n\n\n<p>De acuerdo con las primeras l\u00edneas de investigaci\u00f3n, los detenidos hab\u00edan solicitado el servicio de transporte privado de pasajeros a trav\u00e9s de una app, amagaron al conductor con arma de fuego, lo amarraron y lo ocultaron en la cajuela del veh\u00edculo Sentra color rojo con placas de circulaci\u00f3n UMD-506-B para el Estado de Quer\u00e9taro.<\/p>\n\n\n\n<p>Se hizo la denuncia de la conducta delictiva a las autoridades correspondientes, por lo que se implement\u00f3 un operativo en el que participaron, Polic\u00eda Municipal de San Juan del R\u00edo, Polic\u00eda Estatal y Guardia Nacional divisi\u00f3n Caminos.<\/p>\n\n\n\n<p>Los sujetos, fueron detenidos por la Guardia Nacional, los primeros informes indican que los elementos le marcaron el alto a un autom\u00f3vil, tipo Sed\u00e1n, en color rojo, para realizarle la revista de rutina. Sin embargo, los tres sujetos que viajaban en dicho veh\u00edculo, denotaron nerviosismo, por lo que los elementos policiacos llevaron a cabo una revisi\u00f3n en la cajuela, en d\u00f3nde encontraron a una persona al interior.<\/p>\n\n\n\n<p>Hasta el momento se ignora cu\u00e1l era la finalidad del mismo. Los tres sujetos, de cinco, quienes intentaron darse a la fuga, portaban armas de fuego al momento de ser asegurados por los elementos federales.<\/p>\n\n\n\n<p>Ser\u00e1 la Fiscal\u00eda General del Estado quien determine su situaci\u00f3n jur\u00eddica.&nbsp;<\/p>\n\n\n\n<p>El conductor se encontr\u00f3 ileso, dentro de la cajuela del auto. Se implement\u00f3 otro operativo para la b\u00fasqueda y localizaci\u00f3n de los otros dos sujetos que participaron en este hecho.<\/p>\n","protected":false},"excerpt":{"rendered":"<p>Luego de una persecuci\u00f3n de parte cuerpos de seguridad, se llev\u00f3 a cabo la detenci\u00f3n de tres sujetos que habr\u00edan privado de la libertad al conductor de una plataforma digital, &hellip; <a href=\"https:\/\/a3noticias.com.mx\/sandbox\/2022\/02\/23\/rescatan-a-hombre-que-fue-privado-de-su-libertad-en-su-cajuela-hay-tres-detenidos\/\" class=\"more-link\">Leer m\u00e1s<\/a><\/p>\n","protected":false},"author":2,"featured_media":19105,"comment_status":"open","ping_status":"open","sticky":false,"template":"","format":"standard","meta":{"_monsterinsights_skip_tracking":false,"_monsterinsights_sitenote_active":false,"_monsterinsights_sitenote_note":"","_monsterinsights_sitenote_category":0,"footnotes":""},"categories":[2],"tags":[],"class_list":["post-19104","post","type-post","status-publish","format-standard","has-post-thumbnail","hentry","category-qro","entry"],"aioseo_notices":[],"_links":{"self":[{"href":"https:\/\/a3noticias.com.mx\/sandbox\/wp-json\/wp\/v2\/posts\/19104","targetHints":{"allow":["GET"]}}],"collection":[{"href":"https:\/\/a3noticias.com.mx\/sandbox\/wp-json\/wp\/v2\/posts"}],"about":[{"href":"https:\/\/a3noticias.com.mx\/sandbox\/wp-json\/wp\/v2\/types\/post"}],"author":[{"embeddable":true,"href":"https:\/\/a3noticias.com.mx\/sandbox\/wp-json\/wp\/v2\/users\/2"}],"replies":[{"embeddable":true,"href":"https:\/\/a3noticias.com.mx\/sandbox\/wp-json\/wp\/v2\/comments?post=19104"}],"version-history":[{"count":1,"href":"https:\/\/a3noticias.com.mx\/sandbox\/wp-json\/wp\/v2\/posts\/19104\/revisions"}],"predecessor-version":[{"id":19106,"href":"https:\/\/a3noticias.com.mx\/sandbox\/wp-json\/wp\/v2\/posts\/19104\/revisions\/19106"}],"wp:featuredmedia":[{"embeddable":true,"href":"https:\/\/a3noticias.com.mx\/sandbox\/wp-json\/wp\/v2\/media\/19105"}],"wp:attachment":[{"href":"https:\/\/a3noticias.com.mx\/sandbox\/wp-json\/wp\/v2\/media?parent=19104"}],"wp:term":[{"taxonomy":"category","embeddable":true,"href":"https:\/\/a3noticias.com.mx\/sandbox\/wp-json\/wp\/v2\/categories?post=19104"},{"taxonomy":"post_tag","embeddable":true,"href":"https:\/\/a3noticias.com.mx\/sandbox\/wp-json\/wp\/v2\/tags?post=19104"}],"curies":[{"name":"wp","href":"https:\/\/api.w.org\/{rel}","templated":true}]}}