{"id":19110,"date":"2022-02-24T09:53:31","date_gmt":"2022-02-24T15:53:31","guid":{"rendered":"https:\/\/a3noticias.com.mx\/sandbox\/?p=19110"},"modified":"2022-02-24T09:53:33","modified_gmt":"2022-02-24T15:53:33","slug":"amlo-pide-que-no-se-cierre-expediente-de-guarderia-abc-confia-en-testimonio-de-zaldivar","status":"publish","type":"post","link":"https:\/\/a3noticias.com.mx\/sandbox\/2022\/02\/24\/amlo-pide-que-no-se-cierre-expediente-de-guarderia-abc-confia-en-testimonio-de-zaldivar\/","title":{"rendered":"AMLO pide que no se cierre expediente de Guarder\u00eda ABC; conf\u00eda en testimonio de Zald\u00edvar."},"content":{"rendered":"\n<p>El presidente Andr\u00e9s Manuel L\u00f3pez Obrador, dijo que conf\u00eda en el testimonio de Arturo Zald\u00edvar, Ministro Presidente de la Suprema Corte de Justicia (SCJ) acerca de que recibi\u00f3 presiones del gobierno de Felipe Calder\u00f3n para no afectar a Margarita Zavala y su familia por el incendio de la Guarder\u00eda ABC.<\/p>\n\n\n\n<p>El jefe del Ejecutivo federal se\u00f1al\u00f3 que \u00e9l ya conoc\u00eda esa versi\u00f3n porque est\u00e1 constatado en expedientes de ministros de la Corte, as\u00ed como que su gobierno ya entreg\u00f3 a la Fiscal\u00eda el testimonio de Zald\u00edvar para que se integre al expediente.<\/p>\n\n\n\n<p>En este sentido, el mandatario federal pidi\u00f3 que no se cierre el expediente del incendio en la Guarder\u00eda ABC y que no se vuelva a repetir un hecho as\u00ed.<\/p>\n\n\n\n<p>AMLO hizo un llamado a que no se proteja a los que tengan influencias porque se sabe que hab\u00eda protecci\u00f3n, que hab\u00eda intereses pol\u00edticos y que usaron la tragedia con prop\u00f3sitos electorales.<\/p>\n\n\n\n<blockquote class=\"wp-block-quote is-layout-flow wp-block-quote-is-layout-flow\"><p>\u201cQue no se repitan estos hechos lamentables, dolores, en donde es evidente que hay impunidad, que se protege a los que tienen influencia\u201d.<\/p><\/blockquote>\n","protected":false},"excerpt":{"rendered":"<p>El presidente Andr\u00e9s Manuel L\u00f3pez Obrador, dijo que conf\u00eda en el testimonio de Arturo Zald\u00edvar, Ministro Presidente de la Suprema Corte de Justicia (SCJ) acerca de que recibi\u00f3 presiones del &hellip; <a href=\"https:\/\/a3noticias.com.mx\/sandbox\/2022\/02\/24\/amlo-pide-que-no-se-cierre-expediente-de-guarderia-abc-confia-en-testimonio-de-zaldivar\/\" class=\"more-link\">Leer m\u00e1s<\/a><\/p>\n","protected":false},"author":2,"featured_media":19111,"comment_status":"open","ping_status":"open","sticky":false,"template":"","format":"standard","meta":{"_monsterinsights_skip_tracking":false,"_monsterinsights_sitenote_active":false,"_monsterinsights_sitenote_note":"","_monsterinsights_sitenote_category":0,"footnotes":""},"categories":[3],"tags":[],"class_list":["post-19110","post","type-post","status-publish","format-standard","has-post-thumbnail","hentry","category-nal","entry"],"aioseo_notices":[],"_links":{"self":[{"href":"https:\/\/a3noticias.com.mx\/sandbox\/wp-json\/wp\/v2\/posts\/19110","targetHints":{"allow":["GET"]}}],"collection":[{"href":"https:\/\/a3noticias.com.mx\/sandbox\/wp-json\/wp\/v2\/posts"}],"about":[{"href":"https:\/\/a3noticias.com.mx\/sandbox\/wp-json\/wp\/v2\/types\/post"}],"author":[{"embeddable":true,"href":"https:\/\/a3noticias.com.mx\/sandbox\/wp-json\/wp\/v2\/users\/2"}],"replies":[{"embeddable":true,"href":"https:\/\/a3noticias.com.mx\/sandbox\/wp-json\/wp\/v2\/comments?post=19110"}],"version-history":[{"count":1,"href":"https:\/\/a3noticias.com.mx\/sandbox\/wp-json\/wp\/v2\/posts\/19110\/revisions"}],"predecessor-version":[{"id":19112,"href":"https:\/\/a3noticias.com.mx\/sandbox\/wp-json\/wp\/v2\/posts\/19110\/revisions\/19112"}],"wp:featuredmedia":[{"embeddable":true,"href":"https:\/\/a3noticias.com.mx\/sandbox\/wp-json\/wp\/v2\/media\/19111"}],"wp:attachment":[{"href":"https:\/\/a3noticias.com.mx\/sandbox\/wp-json\/wp\/v2\/media?parent=19110"}],"wp:term":[{"taxonomy":"category","embeddable":true,"href":"https:\/\/a3noticias.com.mx\/sandbox\/wp-json\/wp\/v2\/categories?post=19110"},{"taxonomy":"post_tag","embeddable":true,"href":"https:\/\/a3noticias.com.mx\/sandbox\/wp-json\/wp\/v2\/tags?post=19110"}],"curies":[{"name":"wp","href":"https:\/\/api.w.org\/{rel}","templated":true}]}}