{"id":19113,"date":"2022-02-24T09:58:15","date_gmt":"2022-02-24T15:58:15","guid":{"rendered":"https:\/\/a3noticias.com.mx\/sandbox\/?p=19113"},"modified":"2022-02-24T09:58:18","modified_gmt":"2022-02-24T15:58:18","slug":"reportan-primeros-muertos-por-ataque-en-ucrania","status":"publish","type":"post","link":"https:\/\/a3noticias.com.mx\/sandbox\/2022\/02\/24\/reportan-primeros-muertos-por-ataque-en-ucrania\/","title":{"rendered":"Reportan primeros muertos por ataque en Ucrania"},"content":{"rendered":"\n<p>Luego de que este jueves por la ma\u00f1ana Rusia atacara tres instalaciones militares en la regi\u00f3n de Lviv, las autoridades ucranianas informaron que m\u00e1s de 40 soldados ucranianos y una decena de civiles fallecieron; mientras que 17 personas resultaron heridas en un ataque con misiles en un \u00e1rea militar al noreste de Kyiv.<\/p>\n\n\n\n<p>Este jueves durante la madrugada las sirenas de ataque a\u00e9reo sonaron en la ciudad de Lviv, en el oeste de Ucrania,&nbsp;las fuerzas rusas&nbsp;invadieron el pa\u00eds desde tres lados y las explosiones se pudieron escuchar en varias ciudades, incluida la capital, Kyiv. De acuerdo con el alcalde de Brovary, Ihor Sapozhko,&nbsp;el ataque ocurri\u00f3 a las 14:30 de la tarde, hora local.<\/p>\n\n\n\n<p>Horas antes del ataque, el presidente ruso, Vlad\u00edmir Putin,&nbsp;declar\u00f3 que llevar\u00eda a cabo \u00abuna operaci\u00f3n militar especial\u00bb para defender Donbass, con el objetivo de \u00abproteger a las personas que han sido objeto de abusos y genocidio por parte del r\u00e9gimen de Kiev&nbsp;durante ocho a\u00f1os\u00bb.&nbsp;<\/p>\n\n\n\n<p>El presidente de Ucrania, Volodymyr Zelensky, pronunci\u00f3 un mensaje horas despu\u00e9s del bombardeo ruso a Ucrania, anunciando la ruptura diplom\u00e1tica con Rusia y declarando la Ley Marcial, que implica que cualquier ciudadano puede levantarse en armas para defender a su naci\u00f3n. Adem\u00e1s inform\u00f3 que hab\u00eda sostenido una conversaci\u00f3n con el presidente de los Estados Unidos, Joe Biden, quien ya se encontraba reuniendo apoyo internacional para Ucrania.<\/p>\n\n\n\n<blockquote class=\"wp-block-quote is-layout-flow wp-block-quote-is-layout-flow\"><p>\u201cEstimados ciudadanos ucranianos, esta ma\u00f1ana el presidente Putin anunci\u00f3 una operaci\u00f3n militar especial en Donb\u00e1s. Rusia llev\u00f3 a cabo ataques contra nuestra infraestructura militar y nuestros guardias fronterizos. Se escucharon explosiones en muchas ciudades de Ucrania\u201d.\u00a0\u00a0<\/p><p>\u201cEstamos introduciendo la Ley Marcial en todo el territorio de nuestro pa\u00eds. Hace un minuto tuve una conversaci\u00f3n con el presidente Biden. EE.UU. ya ha comenzado a unir el apoyo internacional. Hoy cada uno de ustedes debe mantener la calma. Qu\u00e9dense en casa si pueden. Estamos trabajando. El ej\u00e9rcito est\u00e1 trabajando. Todo el sector de defensa y seguridad est\u00e1 trabajando\u00bb.\u00a0<\/p><p>\u00abQue no haya p\u00e1nico. Somos fuertes. Estamos listos para todo. Venceremos a todos porque somos Ucrania\u00bb.<\/p><\/blockquote>\n\n\n\n<p>Mientras tanto, las familias Ucranianas se encuentran resguardadas en una estaci\u00f3n del metro que est\u00e1 sirviendo de refugio antibombas en Kharkiv, Ucrania, as\u00ed como en s\u00f3tanos y lugares subterr\u00e1neos.<\/p>\n\n\n\n<figure class=\"wp-block-embed-twitter wp-block-embed is-type-rich is-provider-twitter\"><div class=\"wp-block-embed__wrapper\">\n<blockquote class=\"twitter-tweet\" data-width=\"550\" data-dnt=\"true\"><p lang=\"es\" dir=\"ltr\">ATAQUE RUSO | Los impactantes videos de la ofensiva contra Ucrania. <a href=\"https:\/\/t.co\/UiwmeNpQie\">pic.twitter.com\/UiwmeNpQie<\/a><\/p>&mdash; LA NACION (@LANACION) <a href=\"https:\/\/twitter.com\/LANACION\/status\/1496801174506328068?ref_src=twsrc%5Etfw\">February 24, 2022<\/a><\/blockquote><script async src=\"https:\/\/platform.twitter.com\/widgets.js\" charset=\"utf-8\"><\/script>\n<\/div><\/figure>\n","protected":false},"excerpt":{"rendered":"<p>Luego de que este jueves por la ma\u00f1ana Rusia atacara tres instalaciones militares en la regi\u00f3n de Lviv, las autoridades ucranianas informaron que m\u00e1s de 40 soldados ucranianos y una &hellip; <a href=\"https:\/\/a3noticias.com.mx\/sandbox\/2022\/02\/24\/reportan-primeros-muertos-por-ataque-en-ucrania\/\" class=\"more-link\">Leer m\u00e1s<\/a><\/p>\n","protected":false},"author":4,"featured_media":19114,"comment_status":"open","ping_status":"open","sticky":false,"template":"","format":"standard","meta":{"_monsterinsights_skip_tracking":false,"_monsterinsights_sitenote_active":false,"_monsterinsights_sitenote_note":"","_monsterinsights_sitenote_category":0,"footnotes":""},"categories":[4],"tags":[],"class_list":["post-19113","post","type-post","status-publish","format-standard","has-post-thumbnail","hentry","category-inter","entry"],"aioseo_notices":[],"_links":{"self":[{"href":"https:\/\/a3noticias.com.mx\/sandbox\/wp-json\/wp\/v2\/posts\/19113","targetHints":{"allow":["GET"]}}],"collection":[{"href":"https:\/\/a3noticias.com.mx\/sandbox\/wp-json\/wp\/v2\/posts"}],"about":[{"href":"https:\/\/a3noticias.com.mx\/sandbox\/wp-json\/wp\/v2\/types\/post"}],"author":[{"embeddable":true,"href":"https:\/\/a3noticias.com.mx\/sandbox\/wp-json\/wp\/v2\/users\/4"}],"replies":[{"embeddable":true,"href":"https:\/\/a3noticias.com.mx\/sandbox\/wp-json\/wp\/v2\/comments?post=19113"}],"version-history":[{"count":1,"href":"https:\/\/a3noticias.com.mx\/sandbox\/wp-json\/wp\/v2\/posts\/19113\/revisions"}],"predecessor-version":[{"id":19115,"href":"https:\/\/a3noticias.com.mx\/sandbox\/wp-json\/wp\/v2\/posts\/19113\/revisions\/19115"}],"wp:featuredmedia":[{"embeddable":true,"href":"https:\/\/a3noticias.com.mx\/sandbox\/wp-json\/wp\/v2\/media\/19114"}],"wp:attachment":[{"href":"https:\/\/a3noticias.com.mx\/sandbox\/wp-json\/wp\/v2\/media?parent=19113"}],"wp:term":[{"taxonomy":"category","embeddable":true,"href":"https:\/\/a3noticias.com.mx\/sandbox\/wp-json\/wp\/v2\/categories?post=19113"},{"taxonomy":"post_tag","embeddable":true,"href":"https:\/\/a3noticias.com.mx\/sandbox\/wp-json\/wp\/v2\/tags?post=19113"}],"curies":[{"name":"wp","href":"https:\/\/api.w.org\/{rel}","templated":true}]}}