{"id":19122,"date":"2022-02-24T10:41:20","date_gmt":"2022-02-24T16:41:20","guid":{"rendered":"https:\/\/a3noticias.com.mx\/sandbox\/?p=19122"},"modified":"2022-02-24T10:41:22","modified_gmt":"2022-02-24T16:41:22","slug":"hoy-se-cumplen-71-anos-de-la-fundacion-de-la-uaq","status":"publish","type":"post","link":"https:\/\/a3noticias.com.mx\/sandbox\/2022\/02\/24\/hoy-se-cumplen-71-anos-de-la-fundacion-de-la-uaq\/","title":{"rendered":"Hoy se cumplen 71 a\u00f1os de la fundaci\u00f3n de la UAQ."},"content":{"rendered":"\n<p>En un d\u00eda como hoy pero de hace 71 a\u00f1os, se fund\u00f3 la que hoy en d\u00eda es la m\u00e1xima casa de estudios en el estado, la Universidad Aut\u00f3noma de Quer\u00e9taro.<\/p>\n\n\n\n<p>El nacimiento de la Universidad de Quer\u00e9taro fue el 24 de Febrero de 1951, con la escuela Preparatoria, la escuela de Derecho y la escuela de Ingenier\u00eda; \u00e9sta \u00faltima solamente con los dos primeros grados, pues el resto se cursaban en la Facultad de la UNAM; fue en 1952 cuando el Dr. Vasconcelos acu\u00f1\u00f3 la frase \u00bb Educo en la Verdad y en el Honor \u00bb el cual ha sido desde entonces el lema y s\u00edmbolo de la UAQ. Durante ese mismo a\u00f1o se crearon las escuelas de Qu\u00edmica y Enfermer\u00eda. Mientras que en 1953 se fund\u00f3 el Instituto de Bellas Artes y en 1954 la Escuela de Comercio, posteriormente Escuela de Contabilidad.<\/p>\n\n\n\n<p>El gobernador en turno, Lic. Juan C. Gorr\u00e1ez, nombr\u00f3 rector al Dr. Jos\u00e9 Alcocer Pozo lo que hizo estallar el llamado conflicto del 58, donde los estudiantes, adem\u00e1s del retorno del Lic. Fernando D\u00edaz Ram\u00edrez como rector, exig\u00edan la autonom\u00eda de la Instituci\u00f3n.<\/p>\n\n\n\n<p>Fue el 5 de febrero de 1959, cuando gracias al movimiento estudiantil, la UAQ logr\u00f3 su autonom\u00eda. Sin embargo, desde 1983, tanto la fundaci\u00f3n de la UAQ, como el d\u00eda de la autonom\u00eda, se conmemoran en el mismo d\u00eda, 24 de febrero; esto a iniciativa del entonces rector Braulio Guerra Malo.<\/p>\n\n\n\n<p>Adem\u00e1s, hoy en la instituci\u00f3n, es declarado d\u00eda de asueto debido a la celebraci\u00f3n.<\/p>\n","protected":false},"excerpt":{"rendered":"<p>En un d\u00eda como hoy pero de hace 71 a\u00f1os, se fund\u00f3 la que hoy en d\u00eda es la m\u00e1xima casa de estudios en el estado, la Universidad Aut\u00f3noma de &hellip; <a href=\"https:\/\/a3noticias.com.mx\/sandbox\/2022\/02\/24\/hoy-se-cumplen-71-anos-de-la-fundacion-de-la-uaq\/\" class=\"more-link\">Leer m\u00e1s<\/a><\/p>\n","protected":false},"author":2,"featured_media":19123,"comment_status":"open","ping_status":"open","sticky":false,"template":"","format":"standard","meta":{"_monsterinsights_skip_tracking":false,"_monsterinsights_sitenote_active":false,"_monsterinsights_sitenote_note":"","_monsterinsights_sitenote_category":0,"footnotes":""},"categories":[2],"tags":[],"class_list":["post-19122","post","type-post","status-publish","format-standard","has-post-thumbnail","hentry","category-qro","entry"],"aioseo_notices":[],"_links":{"self":[{"href":"https:\/\/a3noticias.com.mx\/sandbox\/wp-json\/wp\/v2\/posts\/19122","targetHints":{"allow":["GET"]}}],"collection":[{"href":"https:\/\/a3noticias.com.mx\/sandbox\/wp-json\/wp\/v2\/posts"}],"about":[{"href":"https:\/\/a3noticias.com.mx\/sandbox\/wp-json\/wp\/v2\/types\/post"}],"author":[{"embeddable":true,"href":"https:\/\/a3noticias.com.mx\/sandbox\/wp-json\/wp\/v2\/users\/2"}],"replies":[{"embeddable":true,"href":"https:\/\/a3noticias.com.mx\/sandbox\/wp-json\/wp\/v2\/comments?post=19122"}],"version-history":[{"count":1,"href":"https:\/\/a3noticias.com.mx\/sandbox\/wp-json\/wp\/v2\/posts\/19122\/revisions"}],"predecessor-version":[{"id":19124,"href":"https:\/\/a3noticias.com.mx\/sandbox\/wp-json\/wp\/v2\/posts\/19122\/revisions\/19124"}],"wp:featuredmedia":[{"embeddable":true,"href":"https:\/\/a3noticias.com.mx\/sandbox\/wp-json\/wp\/v2\/media\/19123"}],"wp:attachment":[{"href":"https:\/\/a3noticias.com.mx\/sandbox\/wp-json\/wp\/v2\/media?parent=19122"}],"wp:term":[{"taxonomy":"category","embeddable":true,"href":"https:\/\/a3noticias.com.mx\/sandbox\/wp-json\/wp\/v2\/categories?post=19122"},{"taxonomy":"post_tag","embeddable":true,"href":"https:\/\/a3noticias.com.mx\/sandbox\/wp-json\/wp\/v2\/tags?post=19122"}],"curies":[{"name":"wp","href":"https:\/\/api.w.org\/{rel}","templated":true}]}}