{"id":19125,"date":"2022-02-24T11:04:15","date_gmt":"2022-02-24T17:04:15","guid":{"rendered":"https:\/\/a3noticias.com.mx\/sandbox\/?p=19125"},"modified":"2022-02-24T11:04:17","modified_gmt":"2022-02-24T17:04:17","slug":"el-8-de-las-rutas-de-transporte-publico-en-la-zona-metropolitana-seran-modificadas-itq","status":"publish","type":"post","link":"https:\/\/a3noticias.com.mx\/sandbox\/2022\/02\/24\/el-8-de-las-rutas-de-transporte-publico-en-la-zona-metropolitana-seran-modificadas-itq\/","title":{"rendered":"El 8% de las rutas de transporte p\u00fablico en la zona metropolitana ser\u00e1n modificadas: ITQ"},"content":{"rendered":"\n<p>Al rededor del 8 por ciento de las rutas de la red del sistema de transporte metropolitano de Quer\u00e9taro&nbsp;ser\u00e1n modificadas para mejorar la experiencia de los usuarios y acortar los tiempos de espera, sin embargo, a\u00fan se contin\u00faan analizando los resultados de las encuentras realizadas entre el 17 de enero y el 17 febrero para determinar con claridad cu\u00e1ntas rutas se cambiar\u00e1n, inform\u00f3 el director del Instituto Queretano del Transporte (IQT), David S\u00e1nchez Padilla.<\/p>\n\n\n\n<p>Detall\u00f3 que en la zona metropolitana existen 73 rutas del transporte p\u00fablico que funcionan con 500 unidades, las cuales brindan servicio a un promedio de 150 mil usuarios diariamente.<\/p>\n\n\n\n<blockquote class=\"wp-block-quote is-layout-flow wp-block-quote-is-layout-flow\"><p>\u201cHoy por temas de pandemia, modificaciones de la movilidad de la gente, el buscar cambios. Estamos en alrededor de 150 mil usuarios\u201d acot\u00f3.<\/p><\/blockquote>\n\n\n\n<p>Refiri\u00f3 que es en la periferia de la ciudad donde se buscar\u00e1 atender con mayor \u00e9nfasis el tema del transporte p\u00fablico, pues es donde mayor demanda de camiones se presenta y donde existe mayor molestia por parte de la poblaci\u00f3n por la frecuencia de las unidades.<\/p>\n\n\n\n<blockquote class=\"wp-block-quote is-layout-flow wp-block-quote-is-layout-flow\"><p>\u201cD\u00f3nde tenemos mayor inquietud del paso de la unidad, en la periferia de la ciudad\u201d precis\u00f3.<\/p><\/blockquote>\n\n\n\n<p>Se\u00f1al\u00f3 que cuando se entreguen los resultados de las encuestas realizadas a los usuarios, se determinar\u00e1 cu\u00e1les rutas ser\u00e1n implementadas, puesto que por ahora a\u00fan no se pueden anunciar las modificaciones espec\u00edficas.<\/p>\n\n\n\n<blockquote class=\"wp-block-quote is-layout-flow wp-block-quote-is-layout-flow\"><p>\u201cLo que s\u00ed queremos garantizar es que no pase lo de 2013, donde de repente se cambi\u00f3, sino hacerlo de manera muy paulatina y muy sensible para la gente\u201d, enfatiz\u00f3.<\/p><\/blockquote>\n\n\n\n<p><\/p>\n","protected":false},"excerpt":{"rendered":"<p>Al rededor del 8 por ciento de las rutas de la red del sistema de transporte metropolitano de Quer\u00e9taro&nbsp;ser\u00e1n modificadas para mejorar la experiencia de los usuarios y acortar los &hellip; <a href=\"https:\/\/a3noticias.com.mx\/sandbox\/2022\/02\/24\/el-8-de-las-rutas-de-transporte-publico-en-la-zona-metropolitana-seran-modificadas-itq\/\" class=\"more-link\">Leer m\u00e1s<\/a><\/p>\n","protected":false},"author":4,"featured_media":19126,"comment_status":"open","ping_status":"open","sticky":false,"template":"","format":"standard","meta":{"_monsterinsights_skip_tracking":false,"_monsterinsights_sitenote_active":false,"_monsterinsights_sitenote_note":"","_monsterinsights_sitenote_category":0,"footnotes":""},"categories":[2],"tags":[],"class_list":["post-19125","post","type-post","status-publish","format-standard","has-post-thumbnail","hentry","category-qro","entry"],"aioseo_notices":[],"_links":{"self":[{"href":"https:\/\/a3noticias.com.mx\/sandbox\/wp-json\/wp\/v2\/posts\/19125","targetHints":{"allow":["GET"]}}],"collection":[{"href":"https:\/\/a3noticias.com.mx\/sandbox\/wp-json\/wp\/v2\/posts"}],"about":[{"href":"https:\/\/a3noticias.com.mx\/sandbox\/wp-json\/wp\/v2\/types\/post"}],"author":[{"embeddable":true,"href":"https:\/\/a3noticias.com.mx\/sandbox\/wp-json\/wp\/v2\/users\/4"}],"replies":[{"embeddable":true,"href":"https:\/\/a3noticias.com.mx\/sandbox\/wp-json\/wp\/v2\/comments?post=19125"}],"version-history":[{"count":1,"href":"https:\/\/a3noticias.com.mx\/sandbox\/wp-json\/wp\/v2\/posts\/19125\/revisions"}],"predecessor-version":[{"id":19127,"href":"https:\/\/a3noticias.com.mx\/sandbox\/wp-json\/wp\/v2\/posts\/19125\/revisions\/19127"}],"wp:featuredmedia":[{"embeddable":true,"href":"https:\/\/a3noticias.com.mx\/sandbox\/wp-json\/wp\/v2\/media\/19126"}],"wp:attachment":[{"href":"https:\/\/a3noticias.com.mx\/sandbox\/wp-json\/wp\/v2\/media?parent=19125"}],"wp:term":[{"taxonomy":"category","embeddable":true,"href":"https:\/\/a3noticias.com.mx\/sandbox\/wp-json\/wp\/v2\/categories?post=19125"},{"taxonomy":"post_tag","embeddable":true,"href":"https:\/\/a3noticias.com.mx\/sandbox\/wp-json\/wp\/v2\/tags?post=19125"}],"curies":[{"name":"wp","href":"https:\/\/api.w.org\/{rel}","templated":true}]}}