{"id":19129,"date":"2022-02-25T09:11:54","date_gmt":"2022-02-25T15:11:54","guid":{"rendered":"https:\/\/a3noticias.com.mx\/sandbox\/?p=19129"},"modified":"2022-02-25T09:11:56","modified_gmt":"2022-02-25T15:11:56","slug":"dos-defunciones-y-383-casos-de-covid-19-se-sumaron-este-jueves","status":"publish","type":"post","link":"https:\/\/a3noticias.com.mx\/sandbox\/2022\/02\/25\/dos-defunciones-y-383-casos-de-covid-19-se-sumaron-este-jueves\/","title":{"rendered":"Dos defunciones y 383 casos de Covid-19 se sumaron este jueves"},"content":{"rendered":"\n<p>En Quer\u00e9taro, una mujer de 50 a\u00f1os, sin comorbilidad, as\u00ed como una mujer de 66 a\u00f1os, con diversas comorbilidades, que se encontraban hospitalizadas, fallecieron a causa de COVID-19.<\/p>\n\n\n\n<p>En el estado se suman 383 casos de la enfermedad; se trata de 202 mujeres y 181 hombres.&nbsp;El registro acumulado es de 135 mil 388 casos; 52% son mujeres y 48% son hombres.<\/p>\n\n\n\n<p>Se dio de alta sanitaria a 262 pacientes, con lo que se tiene un registro de 127 mil 402 altas (94.10%).<\/p>\n\n\n\n<p>Con sintomatolog\u00eda leve, aislamiento y manejo en su domicilio hay mil 349 pacientes y 118 hospitalizados, 43 de los cuales se encuentran graves. Se han registrado seis mil 519 defunciones.<\/p>\n\n\n\n<p>Con relaci\u00f3n a la disponibilidad de camas de hospitalizaci\u00f3n general y con ventilador, con informaci\u00f3n del 23 de febrero, se tiene una ocupaci\u00f3n de 27 por ciento, con base en la Red Negativa de Infecciones Respiratorias Agudas (IRAG).&nbsp;<\/p>\n\n\n\n<p>En Quer\u00e9taro se registra 23 por ciento de ocupaci\u00f3n de camas con ventilador y 30 por ciento en camas sin ventilador.<\/p>\n\n\n\n<p>Se exhorta a la poblaci\u00f3n a no automedicarse y,&nbsp;para prevenir la transmisi\u00f3n, lavarse las manos de manera frecuente con agua y jab\u00f3n o utilizar soluciones alcoholadas a 70%, usar cubreboca al salir de casa y mantener sana distancia entre personas&nbsp;(de 1.5 a dos metros).&nbsp;<\/p>\n\n\n\n<p>Asimismo, a quedarse en casa\u00a0cuando\u00a0se tienen enfermedades respiratorias y\u00a0comunicarse al\u00a0<em>call center<\/em>\u00a0estatal 4421015205,\u00a0para recibir orientaci\u00f3n m\u00e9dica\u00a0si se presenta alguno de los s\u00edntomas o signos como:\u00a0dificultad para respirar (dato de gravedad), fiebre (mayor a 38 grados), dolor de cabeza, tos, dolor de garganta, escurrimiento nasal,\u00a0dolor de pecho, alteraci\u00f3n del olfato o del sentido del gusto.\u00a0<\/p>\n\n\n\n<figure class=\"wp-block-image size-full\"><img loading=\"lazy\" decoding=\"async\" width=\"1280\" height=\"720\" src=\"https:\/\/a3noticias.com.mx\/sandbox\/wp-content\/uploads\/2022\/02\/71_273_35441_1385651848_9F1FA2DB-143C-4ABD-AD73-479A0FB05417.jpeg\" alt=\"\" class=\"wp-image-19130\" srcset=\"https:\/\/a3noticias.com.mx\/sandbox\/wp-content\/uploads\/2022\/02\/71_273_35441_1385651848_9F1FA2DB-143C-4ABD-AD73-479A0FB05417.jpeg 1280w, https:\/\/a3noticias.com.mx\/sandbox\/wp-content\/uploads\/2022\/02\/71_273_35441_1385651848_9F1FA2DB-143C-4ABD-AD73-479A0FB05417-300x169.jpeg 300w, https:\/\/a3noticias.com.mx\/sandbox\/wp-content\/uploads\/2022\/02\/71_273_35441_1385651848_9F1FA2DB-143C-4ABD-AD73-479A0FB05417-160x90.jpeg 160w, https:\/\/a3noticias.com.mx\/sandbox\/wp-content\/uploads\/2022\/02\/71_273_35441_1385651848_9F1FA2DB-143C-4ABD-AD73-479A0FB05417-768x432.jpeg 768w\" sizes=\"auto, (max-width: 1280px) 100vw, 1280px\" \/><\/figure>\n\n\n\n<p><\/p>\n","protected":false},"excerpt":{"rendered":"<p>En Quer\u00e9taro, una mujer de 50 a\u00f1os, sin comorbilidad, as\u00ed como una mujer de 66 a\u00f1os, con diversas comorbilidades, que se encontraban hospitalizadas, fallecieron a causa de COVID-19. En el &hellip; <a href=\"https:\/\/a3noticias.com.mx\/sandbox\/2022\/02\/25\/dos-defunciones-y-383-casos-de-covid-19-se-sumaron-este-jueves\/\" class=\"more-link\">Leer m\u00e1s<\/a><\/p>\n","protected":false},"author":4,"featured_media":18786,"comment_status":"open","ping_status":"open","sticky":false,"template":"","format":"standard","meta":{"_monsterinsights_skip_tracking":false,"_monsterinsights_sitenote_active":false,"_monsterinsights_sitenote_note":"","_monsterinsights_sitenote_category":0,"footnotes":""},"categories":[2],"tags":[],"class_list":["post-19129","post","type-post","status-publish","format-standard","has-post-thumbnail","hentry","category-qro","entry"],"aioseo_notices":[],"_links":{"self":[{"href":"https:\/\/a3noticias.com.mx\/sandbox\/wp-json\/wp\/v2\/posts\/19129","targetHints":{"allow":["GET"]}}],"collection":[{"href":"https:\/\/a3noticias.com.mx\/sandbox\/wp-json\/wp\/v2\/posts"}],"about":[{"href":"https:\/\/a3noticias.com.mx\/sandbox\/wp-json\/wp\/v2\/types\/post"}],"author":[{"embeddable":true,"href":"https:\/\/a3noticias.com.mx\/sandbox\/wp-json\/wp\/v2\/users\/4"}],"replies":[{"embeddable":true,"href":"https:\/\/a3noticias.com.mx\/sandbox\/wp-json\/wp\/v2\/comments?post=19129"}],"version-history":[{"count":1,"href":"https:\/\/a3noticias.com.mx\/sandbox\/wp-json\/wp\/v2\/posts\/19129\/revisions"}],"predecessor-version":[{"id":19131,"href":"https:\/\/a3noticias.com.mx\/sandbox\/wp-json\/wp\/v2\/posts\/19129\/revisions\/19131"}],"wp:featuredmedia":[{"embeddable":true,"href":"https:\/\/a3noticias.com.mx\/sandbox\/wp-json\/wp\/v2\/media\/18786"}],"wp:attachment":[{"href":"https:\/\/a3noticias.com.mx\/sandbox\/wp-json\/wp\/v2\/media?parent=19129"}],"wp:term":[{"taxonomy":"category","embeddable":true,"href":"https:\/\/a3noticias.com.mx\/sandbox\/wp-json\/wp\/v2\/categories?post=19129"},{"taxonomy":"post_tag","embeddable":true,"href":"https:\/\/a3noticias.com.mx\/sandbox\/wp-json\/wp\/v2\/tags?post=19129"}],"curies":[{"name":"wp","href":"https:\/\/api.w.org\/{rel}","templated":true}]}}