{"id":19132,"date":"2022-02-25T10:27:39","date_gmt":"2022-02-25T16:27:39","guid":{"rendered":"https:\/\/a3noticias.com.mx\/sandbox\/?p=19132"},"modified":"2022-02-25T10:27:41","modified_gmt":"2022-02-25T16:27:41","slug":"reportan-explosion-en-edificio-contiguo-a-la-embajada-mexicana-en-kiev","status":"publish","type":"post","link":"https:\/\/a3noticias.com.mx\/sandbox\/2022\/02\/25\/reportan-explosion-en-edificio-contiguo-a-la-embajada-mexicana-en-kiev\/","title":{"rendered":"Reportan explosi\u00f3n en edificio contiguo a la embajada mexicana en Kiev"},"content":{"rendered":"\n<p>El secretario de Relaciones Exteriores, Marcelo Ebrard, inform\u00f3 que la embajadora de M\u00e9xico en Ucrania, Olga Garc\u00eda, inform\u00f3 que hubo una explosi\u00f3n en un edificio contiguo a la dependencia por lo que no se pudo acceder a la embajada.<\/p>\n\n\n\n<p>A trav\u00e9s de Twitter, el canciller reconoci\u00f3 el \u201cvalor extraordinario\u201d de la embajadora para seguir apoyando a los mexicanos en Ucrania.<\/p>\n\n\n\n<figure class=\"wp-block-embed-twitter wp-block-embed is-type-rich is-provider-twitter\"><div class=\"wp-block-embed__wrapper\">\n<blockquote class=\"twitter-tweet\" data-width=\"550\" data-dnt=\"true\"><p lang=\"es\" dir=\"ltr\">Me informa nuestra embajadora Olga Garc\u00eda desde Kiev que no le permitieron acceder a nuestra Embajada porque hubo explosi\u00f3n en edificio contiguo, est\u00e1 atendiendo desde la residencia.Le reconozco su valor extraordinario  para seguir apoyando a los mexicanos en Ucrania.<\/p>&mdash; Marcelo Ebrard C. (@m_ebrard) <a href=\"https:\/\/twitter.com\/m_ebrard\/status\/1497234675160518659?ref_src=twsrc%5Etfw\">February 25, 2022<\/a><\/blockquote><script async src=\"https:\/\/platform.twitter.com\/widgets.js\" charset=\"utf-8\"><\/script>\n<\/div><\/figure>\n\n\n\n<p>Cabe recordar que el d\u00eda de ayer, el canciller mexicano conden\u00f3 en\u00e9rgicamente&nbsp;la&nbsp;invasi\u00f3n rusa a Ucrania e hizo un llamado al cese inmediato las operaciones militares.&nbsp;<\/p>\n\n\n\n<blockquote class=\"wp-block-quote is-style-large is-layout-flow wp-block-quote-is-layout-flow\"><p>\u00abM\u00e9xico\u00a0condena en\u00e9rgicamente\u00a0esta invasi\u00f3n y\u00a0llama a un\u00a0cese de fuego\u00a0inmediato que permita una salida diplom\u00e1tica y que proteja a la poblaci\u00f3n y evite sufrimiento\u00bb, expres\u00f3 mediante un video publicado en su cuenta de Twitter a nombre del presidente Andr\u00e9s Manuel L\u00f3pez Obrador.<\/p><\/blockquote>\n\n\n\n<p><\/p>\n\n\n\n<figure class=\"wp-block-embed-twitter wp-block-embed is-type-rich is-provider-twitter\"><div class=\"wp-block-embed__wrapper\">\n<blockquote class=\"twitter-tweet\" data-width=\"550\" data-dnt=\"true\"><p lang=\"es\" dir=\"ltr\">M\u00e9xico rechaza el uso de la fuerza y condena en\u00e9rgicamente la invasi\u00f3n Rusa a Ucrania. Demanda cesen las hostilidades,se inicie di\u00e1logo,se proteja a la poblaci\u00f3n.Aqu\u00ed  instrucciones al Dr.Juan Ram\u00f3n de la Fuente para el Consejo de Seguridad de ma\u00f1ana. <a href=\"https:\/\/t.co\/NoGDWbwQpG\">pic.twitter.com\/NoGDWbwQpG<\/a><\/p>&mdash; Marcelo Ebrard C. (@m_ebrard) <a href=\"https:\/\/twitter.com\/m_ebrard\/status\/1496999666902355976?ref_src=twsrc%5Etfw\">February 25, 2022<\/a><\/blockquote><script async src=\"https:\/\/platform.twitter.com\/widgets.js\" charset=\"utf-8\"><\/script>\n<\/div><\/figure>\n","protected":false},"excerpt":{"rendered":"<p>El secretario de Relaciones Exteriores, Marcelo Ebrard, inform\u00f3 que la embajadora de M\u00e9xico en Ucrania, Olga Garc\u00eda, inform\u00f3 que hubo una explosi\u00f3n en un edificio contiguo a la dependencia por &hellip; <a href=\"https:\/\/a3noticias.com.mx\/sandbox\/2022\/02\/25\/reportan-explosion-en-edificio-contiguo-a-la-embajada-mexicana-en-kiev\/\" class=\"more-link\">Leer m\u00e1s<\/a><\/p>\n","protected":false},"author":4,"featured_media":19133,"comment_status":"open","ping_status":"open","sticky":false,"template":"","format":"standard","meta":{"_monsterinsights_skip_tracking":false,"_monsterinsights_sitenote_active":false,"_monsterinsights_sitenote_note":"","_monsterinsights_sitenote_category":0,"footnotes":""},"categories":[4],"tags":[],"class_list":["post-19132","post","type-post","status-publish","format-standard","has-post-thumbnail","hentry","category-inter","entry"],"aioseo_notices":[],"_links":{"self":[{"href":"https:\/\/a3noticias.com.mx\/sandbox\/wp-json\/wp\/v2\/posts\/19132","targetHints":{"allow":["GET"]}}],"collection":[{"href":"https:\/\/a3noticias.com.mx\/sandbox\/wp-json\/wp\/v2\/posts"}],"about":[{"href":"https:\/\/a3noticias.com.mx\/sandbox\/wp-json\/wp\/v2\/types\/post"}],"author":[{"embeddable":true,"href":"https:\/\/a3noticias.com.mx\/sandbox\/wp-json\/wp\/v2\/users\/4"}],"replies":[{"embeddable":true,"href":"https:\/\/a3noticias.com.mx\/sandbox\/wp-json\/wp\/v2\/comments?post=19132"}],"version-history":[{"count":1,"href":"https:\/\/a3noticias.com.mx\/sandbox\/wp-json\/wp\/v2\/posts\/19132\/revisions"}],"predecessor-version":[{"id":19134,"href":"https:\/\/a3noticias.com.mx\/sandbox\/wp-json\/wp\/v2\/posts\/19132\/revisions\/19134"}],"wp:featuredmedia":[{"embeddable":true,"href":"https:\/\/a3noticias.com.mx\/sandbox\/wp-json\/wp\/v2\/media\/19133"}],"wp:attachment":[{"href":"https:\/\/a3noticias.com.mx\/sandbox\/wp-json\/wp\/v2\/media?parent=19132"}],"wp:term":[{"taxonomy":"category","embeddable":true,"href":"https:\/\/a3noticias.com.mx\/sandbox\/wp-json\/wp\/v2\/categories?post=19132"},{"taxonomy":"post_tag","embeddable":true,"href":"https:\/\/a3noticias.com.mx\/sandbox\/wp-json\/wp\/v2\/tags?post=19132"}],"curies":[{"name":"wp","href":"https:\/\/api.w.org\/{rel}","templated":true}]}}