{"id":19135,"date":"2022-02-25T12:10:51","date_gmt":"2022-02-25T18:10:51","guid":{"rendered":"https:\/\/a3noticias.com.mx\/sandbox\/?p=19135"},"modified":"2022-02-25T12:10:55","modified_gmt":"2022-02-25T18:10:55","slug":"regresa-el-equinoccio-a-bernal","status":"publish","type":"post","link":"https:\/\/a3noticias.com.mx\/sandbox\/2022\/02\/25\/regresa-el-equinoccio-a-bernal\/","title":{"rendered":"Regresa el Equinoccio a Bernal"},"content":{"rendered":"\n<p>La presidenta municipal de Ezequiel Montes, Guadalupe P\u00e9rez Montes, confirm\u00f3 que las celebraciones del Equinoccio de Primavera volver\u00e1n para este a\u00f1o a Bernal, luego de que los dos \u00faltimos a\u00f1os fue cancelado debido a la pandemia por Covid-19.<\/p>\n\n\n\n<p>La alcaldesa de la demarcaci\u00f3n adelant\u00f3 que ya se est\u00e1 preparando un programa de actividades, el cual contempla cuestiones culturales y art\u00edsticas que a\u00fan est\u00e1n por definir y que en su momento se dar\u00e1n a conocer.&nbsp;<\/p>\n\n\n\n<p>Para garantizar que se sigan cumpliendo los protocolos sanitarios y que los visitantes puedan acudir con tranquilidad, revel\u00f3 que se instalar\u00e1n diez arcos sanitarios en todas las entradas al centro de Bernal, as\u00ed como en las subidas a la pe\u00f1a.<\/p>\n\n\n\n<p>Para ese fin de semana, los comercios y establecimientos del lugar prev\u00e9n una derrama econ\u00f3mica de cinco millones de pesos y la llegada de alrededor de 50 mil visitantes.&nbsp;<\/p>\n","protected":false},"excerpt":{"rendered":"<p>La presidenta municipal de Ezequiel Montes, Guadalupe P\u00e9rez Montes, confirm\u00f3 que las celebraciones del Equinoccio de Primavera volver\u00e1n para este a\u00f1o a Bernal, luego de que los dos \u00faltimos a\u00f1os &hellip; <a href=\"https:\/\/a3noticias.com.mx\/sandbox\/2022\/02\/25\/regresa-el-equinoccio-a-bernal\/\" class=\"more-link\">Leer m\u00e1s<\/a><\/p>\n","protected":false},"author":4,"featured_media":19136,"comment_status":"open","ping_status":"open","sticky":false,"template":"","format":"standard","meta":{"_monsterinsights_skip_tracking":false,"_monsterinsights_sitenote_active":false,"_monsterinsights_sitenote_note":"","_monsterinsights_sitenote_category":0,"footnotes":""},"categories":[2],"tags":[],"class_list":["post-19135","post","type-post","status-publish","format-standard","has-post-thumbnail","hentry","category-qro","entry"],"aioseo_notices":[],"_links":{"self":[{"href":"https:\/\/a3noticias.com.mx\/sandbox\/wp-json\/wp\/v2\/posts\/19135","targetHints":{"allow":["GET"]}}],"collection":[{"href":"https:\/\/a3noticias.com.mx\/sandbox\/wp-json\/wp\/v2\/posts"}],"about":[{"href":"https:\/\/a3noticias.com.mx\/sandbox\/wp-json\/wp\/v2\/types\/post"}],"author":[{"embeddable":true,"href":"https:\/\/a3noticias.com.mx\/sandbox\/wp-json\/wp\/v2\/users\/4"}],"replies":[{"embeddable":true,"href":"https:\/\/a3noticias.com.mx\/sandbox\/wp-json\/wp\/v2\/comments?post=19135"}],"version-history":[{"count":1,"href":"https:\/\/a3noticias.com.mx\/sandbox\/wp-json\/wp\/v2\/posts\/19135\/revisions"}],"predecessor-version":[{"id":19137,"href":"https:\/\/a3noticias.com.mx\/sandbox\/wp-json\/wp\/v2\/posts\/19135\/revisions\/19137"}],"wp:featuredmedia":[{"embeddable":true,"href":"https:\/\/a3noticias.com.mx\/sandbox\/wp-json\/wp\/v2\/media\/19136"}],"wp:attachment":[{"href":"https:\/\/a3noticias.com.mx\/sandbox\/wp-json\/wp\/v2\/media?parent=19135"}],"wp:term":[{"taxonomy":"category","embeddable":true,"href":"https:\/\/a3noticias.com.mx\/sandbox\/wp-json\/wp\/v2\/categories?post=19135"},{"taxonomy":"post_tag","embeddable":true,"href":"https:\/\/a3noticias.com.mx\/sandbox\/wp-json\/wp\/v2\/tags?post=19135"}],"curies":[{"name":"wp","href":"https:\/\/api.w.org\/{rel}","templated":true}]}}