{"id":19138,"date":"2022-02-25T13:51:32","date_gmt":"2022-02-25T19:51:32","guid":{"rendered":"https:\/\/a3noticias.com.mx\/sandbox\/?p=19138"},"modified":"2022-02-25T13:51:34","modified_gmt":"2022-02-25T19:51:34","slug":"concluye-horario-de-temporada-invernal-en-primarias","status":"publish","type":"post","link":"https:\/\/a3noticias.com.mx\/sandbox\/2022\/02\/25\/concluye-horario-de-temporada-invernal-en-primarias\/","title":{"rendered":"Concluye horario de temporada invernal en primarias"},"content":{"rendered":"\n<p>La Unidad de Servicios para la Educaci\u00f3n B\u00e1sica en el Estado de Quer\u00e9taro (USEBEQ) informa a las madres, padres de familia y tutores que, debido a la conclusi\u00f3n del horario de la temporada invernal, a partir del 28 de febrero la hora de entrada para las escuelas primarias p\u00fablicas del turno matutino, en modalidad presencial, regresa a las 8:00 horas.<\/p>\n\n\n\n<p>La dependencia informa que permanecen las recomendaciones sanitarias, por lo que se pide a las madres, padres de familia, tutores y docentes no bajar la guardia para continuar en el cuidado de la salud de las ni\u00f1as, ni\u00f1os y adolescentes.&nbsp;<\/p>\n\n\n\n<p>La autoridad educativa solicita no llevar a las y los alumnos a clases en caso de enfermedad, de igual manera, en caso de existir bajas temperaturas, la recomendaci\u00f3n es mandar a los estudiantes con ropa abrigadora a la escuela como chamarras, su\u00e9ter, gorros; y en el caso de las alumnas se permitir\u00e1 el uso de mallas o mallones.<\/p>\n\n\n\n<p>La USEBEQ exhorta a las madres, padres de familia, tutores, maestras y maestros de las escuelas a mantenerse informados sobre la temperatura y las recomendaciones que emita la Coordinaci\u00f3n Estatal de Protecci\u00f3n Civil para protegerse en caso de fr\u00edo.<\/p>\n","protected":false},"excerpt":{"rendered":"<p>La Unidad de Servicios para la Educaci\u00f3n B\u00e1sica en el Estado de Quer\u00e9taro (USEBEQ) informa a las madres, padres de familia y tutores que, debido a la conclusi\u00f3n del horario &hellip; <a href=\"https:\/\/a3noticias.com.mx\/sandbox\/2022\/02\/25\/concluye-horario-de-temporada-invernal-en-primarias\/\" class=\"more-link\">Leer m\u00e1s<\/a><\/p>\n","protected":false},"author":4,"featured_media":19139,"comment_status":"open","ping_status":"open","sticky":false,"template":"","format":"standard","meta":{"_monsterinsights_skip_tracking":false,"_monsterinsights_sitenote_active":false,"_monsterinsights_sitenote_note":"","_monsterinsights_sitenote_category":0,"footnotes":""},"categories":[2],"tags":[],"class_list":["post-19138","post","type-post","status-publish","format-standard","has-post-thumbnail","hentry","category-qro","entry"],"aioseo_notices":[],"_links":{"self":[{"href":"https:\/\/a3noticias.com.mx\/sandbox\/wp-json\/wp\/v2\/posts\/19138","targetHints":{"allow":["GET"]}}],"collection":[{"href":"https:\/\/a3noticias.com.mx\/sandbox\/wp-json\/wp\/v2\/posts"}],"about":[{"href":"https:\/\/a3noticias.com.mx\/sandbox\/wp-json\/wp\/v2\/types\/post"}],"author":[{"embeddable":true,"href":"https:\/\/a3noticias.com.mx\/sandbox\/wp-json\/wp\/v2\/users\/4"}],"replies":[{"embeddable":true,"href":"https:\/\/a3noticias.com.mx\/sandbox\/wp-json\/wp\/v2\/comments?post=19138"}],"version-history":[{"count":1,"href":"https:\/\/a3noticias.com.mx\/sandbox\/wp-json\/wp\/v2\/posts\/19138\/revisions"}],"predecessor-version":[{"id":19140,"href":"https:\/\/a3noticias.com.mx\/sandbox\/wp-json\/wp\/v2\/posts\/19138\/revisions\/19140"}],"wp:featuredmedia":[{"embeddable":true,"href":"https:\/\/a3noticias.com.mx\/sandbox\/wp-json\/wp\/v2\/media\/19139"}],"wp:attachment":[{"href":"https:\/\/a3noticias.com.mx\/sandbox\/wp-json\/wp\/v2\/media?parent=19138"}],"wp:term":[{"taxonomy":"category","embeddable":true,"href":"https:\/\/a3noticias.com.mx\/sandbox\/wp-json\/wp\/v2\/categories?post=19138"},{"taxonomy":"post_tag","embeddable":true,"href":"https:\/\/a3noticias.com.mx\/sandbox\/wp-json\/wp\/v2\/tags?post=19138"}],"curies":[{"name":"wp","href":"https:\/\/api.w.org\/{rel}","templated":true}]}}