{"id":19149,"date":"2022-02-26T07:00:52","date_gmt":"2022-02-26T13:00:52","guid":{"rendered":"https:\/\/a3noticias.com.mx\/sandbox\/?p=19149"},"modified":"2022-02-26T07:00:54","modified_gmt":"2022-02-26T13:00:54","slug":"queretaro-regresa-a-clases-presenciales-al-100","status":"publish","type":"post","link":"https:\/\/a3noticias.com.mx\/sandbox\/2022\/02\/26\/queretaro-regresa-a-clases-presenciales-al-100\/","title":{"rendered":"Quer\u00e9taro regresa a clases presenciales al 100%"},"content":{"rendered":"\n<p>El Comit\u00e9 T\u00e9cnico para la atenci\u00f3n de COVID-19, oficialmente ha recomendado el retorno a clases de forma presencial en las escuelas; es por ello, que la Unidad de Servicios de Educaci\u00f3n B\u00e1sica en el Estado de Quer\u00e9taro (USEBEQ), informa que est\u00e1 en el proceso de normalizaci\u00f3n de las actividades, lo que implica que en marzo se ofrecer\u00e1 el servicio educativo en el 100% de los planteles p\u00fablicos de educaci\u00f3n b\u00e1sica, por lo que invita a la totalidad de las y los alumnos a incorporarse.<\/p>\n\n\n\n<p>\u00a0La aprobaci\u00f3n para el retorno a clases de forma presencial en las escuelas, por parte del Comit\u00e9 T\u00e9cnico para la atenci\u00f3n de COVID-19, permitir\u00e1 que el grado de aprovechamiento escolar de las ni\u00f1as, ni\u00f1os y adolescentes se incremente, coadyuvando con esto a la calidad y equidad del proceso educativo.\u00a0<\/p>\n\n\n\n<p>Adem\u00e1s, con el regreso presencial a las actividades, ser\u00e1 posible recobrar la comunicaci\u00f3n directa entre las y los docentes, con las ni\u00f1as, ni\u00f1os y adolescentes, y de esta forma fortalecer la atenci\u00f3n de las habilidades socioemocionales y su impacto en la salud mental de los estudiantes.\u00a0\u00a0<\/p>\n\n\n\n<p>La autoridad educativa trabaja conjuntamente con los directivos, maestras, maestros, madres, padres de familia y tutores, para que las escuelas sean espacios que contribuyan a la cultura de la salud, permitiendo con esto que las ni\u00f1as, ni\u00f1os y adolescentes retomen sus actividades escolares de manera presencial al 100 por ciento lo antes posible.<\/p>\n","protected":false},"excerpt":{"rendered":"<p>El Comit\u00e9 T\u00e9cnico para la atenci\u00f3n de COVID-19, oficialmente ha recomendado el retorno a clases de forma presencial en las escuelas; es por ello, que la Unidad de Servicios de &hellip; <a href=\"https:\/\/a3noticias.com.mx\/sandbox\/2022\/02\/26\/queretaro-regresa-a-clases-presenciales-al-100\/\" class=\"more-link\">Leer m\u00e1s<\/a><\/p>\n","protected":false},"author":4,"featured_media":19150,"comment_status":"open","ping_status":"open","sticky":false,"template":"","format":"standard","meta":{"_monsterinsights_skip_tracking":false,"_monsterinsights_sitenote_active":false,"_monsterinsights_sitenote_note":"","_monsterinsights_sitenote_category":0,"footnotes":""},"categories":[2],"tags":[],"class_list":["post-19149","post","type-post","status-publish","format-standard","has-post-thumbnail","hentry","category-qro","entry"],"aioseo_notices":[],"_links":{"self":[{"href":"https:\/\/a3noticias.com.mx\/sandbox\/wp-json\/wp\/v2\/posts\/19149","targetHints":{"allow":["GET"]}}],"collection":[{"href":"https:\/\/a3noticias.com.mx\/sandbox\/wp-json\/wp\/v2\/posts"}],"about":[{"href":"https:\/\/a3noticias.com.mx\/sandbox\/wp-json\/wp\/v2\/types\/post"}],"author":[{"embeddable":true,"href":"https:\/\/a3noticias.com.mx\/sandbox\/wp-json\/wp\/v2\/users\/4"}],"replies":[{"embeddable":true,"href":"https:\/\/a3noticias.com.mx\/sandbox\/wp-json\/wp\/v2\/comments?post=19149"}],"version-history":[{"count":1,"href":"https:\/\/a3noticias.com.mx\/sandbox\/wp-json\/wp\/v2\/posts\/19149\/revisions"}],"predecessor-version":[{"id":19151,"href":"https:\/\/a3noticias.com.mx\/sandbox\/wp-json\/wp\/v2\/posts\/19149\/revisions\/19151"}],"wp:featuredmedia":[{"embeddable":true,"href":"https:\/\/a3noticias.com.mx\/sandbox\/wp-json\/wp\/v2\/media\/19150"}],"wp:attachment":[{"href":"https:\/\/a3noticias.com.mx\/sandbox\/wp-json\/wp\/v2\/media?parent=19149"}],"wp:term":[{"taxonomy":"category","embeddable":true,"href":"https:\/\/a3noticias.com.mx\/sandbox\/wp-json\/wp\/v2\/categories?post=19149"},{"taxonomy":"post_tag","embeddable":true,"href":"https:\/\/a3noticias.com.mx\/sandbox\/wp-json\/wp\/v2\/tags?post=19149"}],"curies":[{"name":"wp","href":"https:\/\/api.w.org\/{rel}","templated":true}]}}