{"id":19198,"date":"2022-02-28T21:19:01","date_gmt":"2022-03-01T03:19:01","guid":{"rendered":"https:\/\/a3noticias.com.mx\/sandbox\/?p=19198"},"modified":"2022-02-28T21:19:03","modified_gmt":"2022-03-01T03:19:03","slug":"uaq-continuara-con-clases-virtuales","status":"publish","type":"post","link":"https:\/\/a3noticias.com.mx\/sandbox\/2022\/02\/28\/uaq-continuara-con-clases-virtuales\/","title":{"rendered":"UAQ continuar\u00e1 con clases virtuales"},"content":{"rendered":"\n<p>La rectora de la Universidad Aut\u00f3noma de Quer\u00e9taro (UAQ), Teresa Garc\u00eda Gasca, inform\u00f3 que este lunes inici\u00f3 el regreso a clases presenciales en la instituci\u00f3n; sin embargo, el retorno ser\u00e1 de manera gradual, por lo que se mantendr\u00e1 la modalidad h\u00edbrida.<\/p>\n\n\n\n<blockquote class=\"wp-block-quote is-style-large is-layout-flow wp-block-quote-is-layout-flow\"><p>\u201cNo vamos a regresar al 100% como lo est\u00e1 indicando la secretar\u00eda de educaci\u00f3n, no podemos decir que la pandemia ha acabado\u201d, dijo la rectora de la UAQ.<\/p><\/blockquote>\n\n\n\n<p>Asimismo, precis\u00f3 que se colocar\u00e1n sensores de CO2 que indicar\u00e1n si es seguro permanecer en las aulas o si es necesario ventilar los espacios, pues destac\u00f3 que el virus de SARS-CoV-2 se ha caracterizado por presentar una gran cantidad de variantes, unas m\u00e1s letales que otras, por lo que es necesario continuar procurando evitar las concentraciones masivas de personas.<\/p>\n\n\n\n<blockquote class=\"wp-block-quote is-style-large is-layout-flow wp-block-quote-is-layout-flow\"><p>\u201cEntre m\u00e1s contagios hay, a\u00fan cuando sean contagios de bajo impacto, que no impliquen necesariamente un alto nivel de hospitalizaci\u00f3n, es m\u00e1s probable que haya una nueva variante\u201d, apunt\u00f3.<\/p><\/blockquote>\n","protected":false},"excerpt":{"rendered":"<p>La rectora de la Universidad Aut\u00f3noma de Quer\u00e9taro (UAQ), Teresa Garc\u00eda Gasca, inform\u00f3 que este lunes inici\u00f3 el regreso a clases presenciales en la instituci\u00f3n; sin embargo, el retorno ser\u00e1 &hellip; <a href=\"https:\/\/a3noticias.com.mx\/sandbox\/2022\/02\/28\/uaq-continuara-con-clases-virtuales\/\" class=\"more-link\">Leer m\u00e1s<\/a><\/p>\n","protected":false},"author":4,"featured_media":19199,"comment_status":"open","ping_status":"open","sticky":false,"template":"","format":"standard","meta":{"_monsterinsights_skip_tracking":false,"_monsterinsights_sitenote_active":false,"_monsterinsights_sitenote_note":"","_monsterinsights_sitenote_category":0,"footnotes":""},"categories":[2],"tags":[],"class_list":["post-19198","post","type-post","status-publish","format-standard","has-post-thumbnail","hentry","category-qro","entry"],"aioseo_notices":[],"_links":{"self":[{"href":"https:\/\/a3noticias.com.mx\/sandbox\/wp-json\/wp\/v2\/posts\/19198","targetHints":{"allow":["GET"]}}],"collection":[{"href":"https:\/\/a3noticias.com.mx\/sandbox\/wp-json\/wp\/v2\/posts"}],"about":[{"href":"https:\/\/a3noticias.com.mx\/sandbox\/wp-json\/wp\/v2\/types\/post"}],"author":[{"embeddable":true,"href":"https:\/\/a3noticias.com.mx\/sandbox\/wp-json\/wp\/v2\/users\/4"}],"replies":[{"embeddable":true,"href":"https:\/\/a3noticias.com.mx\/sandbox\/wp-json\/wp\/v2\/comments?post=19198"}],"version-history":[{"count":1,"href":"https:\/\/a3noticias.com.mx\/sandbox\/wp-json\/wp\/v2\/posts\/19198\/revisions"}],"predecessor-version":[{"id":19200,"href":"https:\/\/a3noticias.com.mx\/sandbox\/wp-json\/wp\/v2\/posts\/19198\/revisions\/19200"}],"wp:featuredmedia":[{"embeddable":true,"href":"https:\/\/a3noticias.com.mx\/sandbox\/wp-json\/wp\/v2\/media\/19199"}],"wp:attachment":[{"href":"https:\/\/a3noticias.com.mx\/sandbox\/wp-json\/wp\/v2\/media?parent=19198"}],"wp:term":[{"taxonomy":"category","embeddable":true,"href":"https:\/\/a3noticias.com.mx\/sandbox\/wp-json\/wp\/v2\/categories?post=19198"},{"taxonomy":"post_tag","embeddable":true,"href":"https:\/\/a3noticias.com.mx\/sandbox\/wp-json\/wp\/v2\/tags?post=19198"}],"curies":[{"name":"wp","href":"https:\/\/api.w.org\/{rel}","templated":true}]}}