{"id":19202,"date":"2022-03-02T10:47:10","date_gmt":"2022-03-02T16:47:10","guid":{"rendered":"https:\/\/a3noticias.com.mx\/sandbox\/?p=19202"},"modified":"2022-03-02T10:47:11","modified_gmt":"2022-03-02T16:47:11","slug":"gobierno-mexicano-recibira-a-todas-las-personas-afectadas-por-conflicto-rusia-ucrania","status":"publish","type":"post","link":"https:\/\/a3noticias.com.mx\/sandbox\/2022\/03\/02\/gobierno-mexicano-recibira-a-todas-las-personas-afectadas-por-conflicto-rusia-ucrania\/","title":{"rendered":"Gobierno mexicano recibir\u00e1 a todas las personas afectadas por conflicto Rusia-Ucrania."},"content":{"rendered":"\n<p>El presidente Andr\u00e9s Manuel L\u00f3pez Obrador, asegur\u00f3 durante su conferencia \u2018La Ma\u00f1anera\u2019 de este mi\u00e9rcoles 2 de marzo que todas las personas afectadas por el conflicto entre Rusia y Ucrania que soliciten refugio a M\u00e9xico ser\u00e1n recibidos, protegidos y bienvenidos en el pa\u00eds, sin importar su nacionalidad.&nbsp;<\/p>\n\n\n\n<p>Asimismo el mandatario inform\u00f3 sobre la evacuaci\u00f3n de mexicanos de Ucrania, luego de que el gobierno enviara un avi\u00f3n de la Fuerza A\u00e9rea a Rumania para repatriarlos y explic\u00f3 que un grupo de connacionales logr\u00f3 cruzar la frontera y se prepara el traslado.&nbsp;<\/p>\n\n\n\n<blockquote class=\"wp-block-quote is-layout-flow wp-block-quote-is-layout-flow\"><p>\u201cYa salieron un grupo de mexicanos de Ucrania, ese es el informe que nos dieron ahora, ya est\u00e1n en la frontera, llegaron en autobuses hacia la frontera. Se est\u00e1 haciendo el programa para el traslado, para salir. Pero eso lo va a informar el secretario de Relaciones Exteriores. Todos los que nos pidan refugio en nuestro pa\u00eds ser\u00e1n recibidos, protegidos y bienvenidos\u201d.<\/p><\/blockquote>\n\n\n\n<p>En cuanto al tema migratorio, el jefe del Ejecutivo viajar\u00e1 en los pr\u00f3ximos d\u00edas con el Embajador de Estados Unidos, Ken Salazar,&nbsp; a Tapachula, cerca de la frontera sur de M\u00e9xico, para discutir temas de inmigraci\u00f3n.<\/p>\n","protected":false},"excerpt":{"rendered":"<p>El presidente Andr\u00e9s Manuel L\u00f3pez Obrador, asegur\u00f3 durante su conferencia \u2018La Ma\u00f1anera\u2019 de este mi\u00e9rcoles 2 de marzo que todas las personas afectadas por el conflicto entre Rusia y Ucrania &hellip; <a href=\"https:\/\/a3noticias.com.mx\/sandbox\/2022\/03\/02\/gobierno-mexicano-recibira-a-todas-las-personas-afectadas-por-conflicto-rusia-ucrania\/\" class=\"more-link\">Leer m\u00e1s<\/a><\/p>\n","protected":false},"author":2,"featured_media":19203,"comment_status":"open","ping_status":"open","sticky":false,"template":"","format":"standard","meta":{"_monsterinsights_skip_tracking":false,"_monsterinsights_sitenote_active":false,"_monsterinsights_sitenote_note":"","_monsterinsights_sitenote_category":0,"footnotes":""},"categories":[3],"tags":[],"class_list":["post-19202","post","type-post","status-publish","format-standard","has-post-thumbnail","hentry","category-nal","entry"],"aioseo_notices":[],"_links":{"self":[{"href":"https:\/\/a3noticias.com.mx\/sandbox\/wp-json\/wp\/v2\/posts\/19202","targetHints":{"allow":["GET"]}}],"collection":[{"href":"https:\/\/a3noticias.com.mx\/sandbox\/wp-json\/wp\/v2\/posts"}],"about":[{"href":"https:\/\/a3noticias.com.mx\/sandbox\/wp-json\/wp\/v2\/types\/post"}],"author":[{"embeddable":true,"href":"https:\/\/a3noticias.com.mx\/sandbox\/wp-json\/wp\/v2\/users\/2"}],"replies":[{"embeddable":true,"href":"https:\/\/a3noticias.com.mx\/sandbox\/wp-json\/wp\/v2\/comments?post=19202"}],"version-history":[{"count":1,"href":"https:\/\/a3noticias.com.mx\/sandbox\/wp-json\/wp\/v2\/posts\/19202\/revisions"}],"predecessor-version":[{"id":19204,"href":"https:\/\/a3noticias.com.mx\/sandbox\/wp-json\/wp\/v2\/posts\/19202\/revisions\/19204"}],"wp:featuredmedia":[{"embeddable":true,"href":"https:\/\/a3noticias.com.mx\/sandbox\/wp-json\/wp\/v2\/media\/19203"}],"wp:attachment":[{"href":"https:\/\/a3noticias.com.mx\/sandbox\/wp-json\/wp\/v2\/media?parent=19202"}],"wp:term":[{"taxonomy":"category","embeddable":true,"href":"https:\/\/a3noticias.com.mx\/sandbox\/wp-json\/wp\/v2\/categories?post=19202"},{"taxonomy":"post_tag","embeddable":true,"href":"https:\/\/a3noticias.com.mx\/sandbox\/wp-json\/wp\/v2\/tags?post=19202"}],"curies":[{"name":"wp","href":"https:\/\/api.w.org\/{rel}","templated":true}]}}