{"id":19269,"date":"2022-03-04T09:09:37","date_gmt":"2022-03-04T15:09:37","guid":{"rendered":"https:\/\/a3noticias.com.mx\/sandbox\/?p=19269"},"modified":"2022-03-04T09:09:38","modified_gmt":"2022-03-04T15:09:38","slug":"queretaro-con-registro-de-902-pacientes-con-sintomatologia-leve-de-covid-19","status":"publish","type":"post","link":"https:\/\/a3noticias.com.mx\/sandbox\/2022\/03\/04\/queretaro-con-registro-de-902-pacientes-con-sintomatologia-leve-de-covid-19\/","title":{"rendered":"Quer\u00e9taro con registro de 902 pacientes con sintomatolog\u00eda leve de Covid-19"},"content":{"rendered":"\n<p>En Quer\u00e9taro, cuatro hombres -de 59, 65, 81 y 88 a\u00f1os-, con diversas comorbilidades, que se encontraban hospitalizados, fallecieron a causa de COVID-19.<\/p>\n\n\n\n<p>En el estado se suman 97 casos de la enfermedad; se trata de 47 mujeres y 50 hombres. El registro acumulado es de 136 mil 511 casos; 52% son mujeres y 48% son hombres.<\/p>\n\n\n\n<p>Se dio de alta sanitaria a 144 pacientes, con lo que se tiene un registro de 128 mil 991 altas (94.49%).<\/p>\n\n\n\n<p>Con sintomatolog\u00eda leve, aislamiento y manejo en su domicilio hay 902 pacientes y 73 hospitalizados, 24 de los cuales se encuentran graves. Se han registrado seis mil 545 defunciones.<\/p>\n\n\n\n<p>Con relaci\u00f3n a la disponibilidad de camas de hospitalizaci\u00f3n general y con ventilador, con informaci\u00f3n del 2 de marzo, se tiene una ocupaci\u00f3n de 31 por ciento, con base en la Red Negativa de Infecciones Respiratorias Agudas (IRAG).<\/p>\n\n\n\n<p>En Quer\u00e9taro se registra 25 por ciento de ocupaci\u00f3n de camas con ventilador y 35 por ciento en camas sin ventilador.<\/p>\n\n\n\n<p>Se exhorta a la poblaci\u00f3n a no automedicarse y, para prevenir la transmisi\u00f3n, lavarse las manos de manera frecuente con agua y jab\u00f3n o utilizar soluciones alcoholadas a 70%, usar cubreboca al salir de casa y mantener sana distancia entre personas (de 1.5 a dos metros).<\/p>\n\n\n\n<p>Asimismo, a quedarse en casa cuando se tienen enfermedades respiratorias y comunicarse al&nbsp;<em>call center<\/em>&nbsp;estatal 4421015205, para recibir orientaci\u00f3n m\u00e9dica si se presenta alguno de los s\u00edntomas o signos como: dificultad para respirar (dato de gravedad), fiebre (mayor a 38 grados), dolor de cabeza, tos, dolor de garganta, escurrimiento nasal, dolor de pecho, alteraci\u00f3n del olfato o del sentido del gusto.<\/p>\n","protected":false},"excerpt":{"rendered":"<p>En Quer\u00e9taro, cuatro hombres -de 59, 65, 81 y 88 a\u00f1os-, con diversas comorbilidades, que se encontraban hospitalizados, fallecieron a causa de COVID-19. En el estado se suman 97 casos &hellip; <a href=\"https:\/\/a3noticias.com.mx\/sandbox\/2022\/03\/04\/queretaro-con-registro-de-902-pacientes-con-sintomatologia-leve-de-covid-19\/\" class=\"more-link\">Leer m\u00e1s<\/a><\/p>\n","protected":false},"author":4,"featured_media":19270,"comment_status":"open","ping_status":"open","sticky":false,"template":"","format":"standard","meta":{"_monsterinsights_skip_tracking":false,"_monsterinsights_sitenote_active":false,"_monsterinsights_sitenote_note":"","_monsterinsights_sitenote_category":0,"footnotes":""},"categories":[2],"tags":[],"class_list":["post-19269","post","type-post","status-publish","format-standard","has-post-thumbnail","hentry","category-qro","entry"],"aioseo_notices":[],"_links":{"self":[{"href":"https:\/\/a3noticias.com.mx\/sandbox\/wp-json\/wp\/v2\/posts\/19269","targetHints":{"allow":["GET"]}}],"collection":[{"href":"https:\/\/a3noticias.com.mx\/sandbox\/wp-json\/wp\/v2\/posts"}],"about":[{"href":"https:\/\/a3noticias.com.mx\/sandbox\/wp-json\/wp\/v2\/types\/post"}],"author":[{"embeddable":true,"href":"https:\/\/a3noticias.com.mx\/sandbox\/wp-json\/wp\/v2\/users\/4"}],"replies":[{"embeddable":true,"href":"https:\/\/a3noticias.com.mx\/sandbox\/wp-json\/wp\/v2\/comments?post=19269"}],"version-history":[{"count":1,"href":"https:\/\/a3noticias.com.mx\/sandbox\/wp-json\/wp\/v2\/posts\/19269\/revisions"}],"predecessor-version":[{"id":19271,"href":"https:\/\/a3noticias.com.mx\/sandbox\/wp-json\/wp\/v2\/posts\/19269\/revisions\/19271"}],"wp:featuredmedia":[{"embeddable":true,"href":"https:\/\/a3noticias.com.mx\/sandbox\/wp-json\/wp\/v2\/media\/19270"}],"wp:attachment":[{"href":"https:\/\/a3noticias.com.mx\/sandbox\/wp-json\/wp\/v2\/media?parent=19269"}],"wp:term":[{"taxonomy":"category","embeddable":true,"href":"https:\/\/a3noticias.com.mx\/sandbox\/wp-json\/wp\/v2\/categories?post=19269"},{"taxonomy":"post_tag","embeddable":true,"href":"https:\/\/a3noticias.com.mx\/sandbox\/wp-json\/wp\/v2\/tags?post=19269"}],"curies":[{"name":"wp","href":"https:\/\/api.w.org\/{rel}","templated":true}]}}