{"id":19272,"date":"2022-03-04T09:46:44","date_gmt":"2022-03-04T15:46:44","guid":{"rendered":"https:\/\/a3noticias.com.mx\/sandbox\/?p=19272"},"modified":"2022-03-04T09:50:46","modified_gmt":"2022-03-04T15:50:46","slug":"amlo-evito-informar-sobre-muerte-de-el-mijis-por-respeto-a-sus-familiares-se-limito-a-enviar-el-pesame","status":"publish","type":"post","link":"https:\/\/a3noticias.com.mx\/sandbox\/2022\/03\/04\/amlo-evito-informar-sobre-muerte-de-el-mijis-por-respeto-a-sus-familiares-se-limito-a-enviar-el-pesame\/","title":{"rendered":"AMLO evit\u00f3 informar sobre muerte de &#8216;El Mijis&#8217; por respeto a sus familiares; se limit\u00f3 a enviar el p\u00e9same."},"content":{"rendered":"\n<p>El presidente Andr\u00e9s Manuel L\u00f3pez Obrador, en su conferencia \u2018La Ma\u00f1anera\u2019, evit\u00f3 informar acerca de la muerte de Pedro C\u00e9sar Carrizales Becerra, mejor conocido como \u2018El Mijis\u2019, por respeto al compromiso que tiene con sus familiares.<\/p>\n\n\n\n<blockquote class=\"wp-block-quote is-layout-flow wp-block-quote-is-layout-flow\"><p>\u201cPor respeto a sus familiares, no vamos todav\u00eda a informar sobre este lamentable caso\u201d.<\/p><\/blockquote>\n\n\n\n<p>El jefe del Ejecutivo envi\u00f3 su p\u00e9same a familiares y amigos de \u2018El Mijis\u2019 y se\u00f1al\u00f3 que aunque tiene \u201ctoda la informaci\u00f3n\u201d sobre el caso, no pod\u00eda darla a conocer en este momento ya que los familiares del exdiputado as\u00ed se lo solicitaron.<\/p>\n\n\n\n<blockquote class=\"wp-block-quote is-layout-flow wp-block-quote-is-layout-flow\"><p>\u201cEnviar el p\u00e9same a sus familiares, amigos y compa\u00f1eros. Yo lo conoc\u00ed, \u00e9l simpatizaba con nuestro movimiento. Eso es lo \u00fanico que puedo decir por el momento\u201d<\/p><\/blockquote>\n\n\n\n<p>El mandatario federal adelant\u00f3 que es probable que el lunes la familia ofrezca m\u00e1s detalles sobre la desaparici\u00f3n y muerte del ex legislador; asimismo asegur\u00f3 que su gobierno profundizar\u00e1 en la investigaci\u00f3n.<\/p>\n\n\n\n<blockquote class=\"wp-block-quote is-layout-flow wp-block-quote-is-layout-flow\"><p>\u201cNos duele mucho este lamentable hecho. Se va a hacer una investigaci\u00f3n a fondo. Tenemos informaci\u00f3n y vamos a darla a conocer cuando los familiares lo autoricen\u201d.<\/p><\/blockquote>\n","protected":false},"excerpt":{"rendered":"<p>El presidente Andr\u00e9s Manuel L\u00f3pez Obrador, en su conferencia \u2018La Ma\u00f1anera\u2019, evit\u00f3 informar acerca de la muerte de Pedro C\u00e9sar Carrizales Becerra, mejor conocido como \u2018El Mijis\u2019, por respeto al &hellip; <a href=\"https:\/\/a3noticias.com.mx\/sandbox\/2022\/03\/04\/amlo-evito-informar-sobre-muerte-de-el-mijis-por-respeto-a-sus-familiares-se-limito-a-enviar-el-pesame\/\" class=\"more-link\">Leer m\u00e1s<\/a><\/p>\n","protected":false},"author":2,"featured_media":19273,"comment_status":"open","ping_status":"open","sticky":false,"template":"","format":"standard","meta":{"_monsterinsights_skip_tracking":false,"_monsterinsights_sitenote_active":false,"_monsterinsights_sitenote_note":"","_monsterinsights_sitenote_category":0,"footnotes":""},"categories":[3],"tags":[],"class_list":["post-19272","post","type-post","status-publish","format-standard","has-post-thumbnail","hentry","category-nal","entry"],"aioseo_notices":[],"_links":{"self":[{"href":"https:\/\/a3noticias.com.mx\/sandbox\/wp-json\/wp\/v2\/posts\/19272","targetHints":{"allow":["GET"]}}],"collection":[{"href":"https:\/\/a3noticias.com.mx\/sandbox\/wp-json\/wp\/v2\/posts"}],"about":[{"href":"https:\/\/a3noticias.com.mx\/sandbox\/wp-json\/wp\/v2\/types\/post"}],"author":[{"embeddable":true,"href":"https:\/\/a3noticias.com.mx\/sandbox\/wp-json\/wp\/v2\/users\/2"}],"replies":[{"embeddable":true,"href":"https:\/\/a3noticias.com.mx\/sandbox\/wp-json\/wp\/v2\/comments?post=19272"}],"version-history":[{"count":2,"href":"https:\/\/a3noticias.com.mx\/sandbox\/wp-json\/wp\/v2\/posts\/19272\/revisions"}],"predecessor-version":[{"id":19277,"href":"https:\/\/a3noticias.com.mx\/sandbox\/wp-json\/wp\/v2\/posts\/19272\/revisions\/19277"}],"wp:featuredmedia":[{"embeddable":true,"href":"https:\/\/a3noticias.com.mx\/sandbox\/wp-json\/wp\/v2\/media\/19273"}],"wp:attachment":[{"href":"https:\/\/a3noticias.com.mx\/sandbox\/wp-json\/wp\/v2\/media?parent=19272"}],"wp:term":[{"taxonomy":"category","embeddable":true,"href":"https:\/\/a3noticias.com.mx\/sandbox\/wp-json\/wp\/v2\/categories?post=19272"},{"taxonomy":"post_tag","embeddable":true,"href":"https:\/\/a3noticias.com.mx\/sandbox\/wp-json\/wp\/v2\/tags?post=19272"}],"curies":[{"name":"wp","href":"https:\/\/api.w.org\/{rel}","templated":true}]}}