{"id":19281,"date":"2022-03-04T10:59:11","date_gmt":"2022-03-04T16:59:11","guid":{"rendered":"https:\/\/a3noticias.com.mx\/sandbox\/?p=19281"},"modified":"2022-03-04T10:59:12","modified_gmt":"2022-03-04T16:59:12","slug":"clinica-ensain-de-la-uaq-es-reinaugurada","status":"publish","type":"post","link":"https:\/\/a3noticias.com.mx\/sandbox\/2022\/03\/04\/clinica-ensain-de-la-uaq-es-reinaugurada\/","title":{"rendered":"Cl\u00ednica ENSAIN de la UAQ es reinaugurada."},"content":{"rendered":"\n<p>La Facultad de Enfermer\u00eda (FE) de la Universidad Aut\u00f3noma de Quer\u00e9taro (UAQ) reinaugur\u00f3 las instalaciones y conmemor\u00f3 el XXII Aniversario del programa de Enfermer\u00eda en Salud Integral (ENSAIN) con la premisa de que la salud universitaria es primordial para poder ofrecer a la sociedad profesionales sanos, competentes y responsables.<\/p>\n\n\n\n<p>La rectora de la M\u00e1xima Casa de Estudios, la Dra. Teresa Garc\u00eda Gasca, reconoci\u00f3 y felicit\u00f3 a todo el equipo de trabajo de la Facultad por su compromiso con la comunidad universitaria y la sociedad en su conjunto.<\/p>\n\n\n\n<blockquote class=\"wp-block-quote is-layout-flow wp-block-quote-is-layout-flow\"><p>\u201cCada semilla que se siembra es un legado que se deja para que las futuras generaciones lo sigan creciendo y con el apoyo de la Facultad de Enfermer\u00eda y de la Universidad Aut\u00f3noma de Quer\u00e9taro es posible. El ENSAIN tiene entre otras cosas, la consigna de prevenir, promover y proteger la salud, a trav\u00e9s de una cultura del autocuidado\u201c.<\/p><\/blockquote>\n\n\n\n<p>Por su parte, el Lic. Miguel \u00c1ngel Aguilar \u00c1lvarez, responsable del Programa ENSAIN explic\u00f3 los antecedentes y beneficios que se ofrecen, como: medicina, enfermer\u00eda, psicolog\u00eda y nutrici\u00f3n. Se\u00f1al\u00f3 que el proyecto que inici\u00f3 en 2002, hoy d\u00eda agrega a su cat\u00e1logo los servicios de optometr\u00eda y fisioterapia, acompa\u00f1ado de un proceso de expansi\u00f3n que contempla los municipios de Jalpan, San Juan del R\u00edo y Corregidora, donde universitarios y poblaci\u00f3n en general acuden diariamente para recibir atenci\u00f3n oportuna, bajo un esquema de salud para la prevenci\u00f3n y atenci\u00f3n de enfermedades.&nbsp;&nbsp;<\/p>\n","protected":false},"excerpt":{"rendered":"<p>La Facultad de Enfermer\u00eda (FE) de la Universidad Aut\u00f3noma de Quer\u00e9taro (UAQ) reinaugur\u00f3 las instalaciones y conmemor\u00f3 el XXII Aniversario del programa de Enfermer\u00eda en Salud Integral (ENSAIN) con la &hellip; <a href=\"https:\/\/a3noticias.com.mx\/sandbox\/2022\/03\/04\/clinica-ensain-de-la-uaq-es-reinaugurada\/\" class=\"more-link\">Leer m\u00e1s<\/a><\/p>\n","protected":false},"author":2,"featured_media":19282,"comment_status":"open","ping_status":"open","sticky":false,"template":"","format":"standard","meta":{"_monsterinsights_skip_tracking":false,"_monsterinsights_sitenote_active":false,"_monsterinsights_sitenote_note":"","_monsterinsights_sitenote_category":0,"footnotes":""},"categories":[2],"tags":[],"class_list":["post-19281","post","type-post","status-publish","format-standard","has-post-thumbnail","hentry","category-qro","entry"],"aioseo_notices":[],"_links":{"self":[{"href":"https:\/\/a3noticias.com.mx\/sandbox\/wp-json\/wp\/v2\/posts\/19281","targetHints":{"allow":["GET"]}}],"collection":[{"href":"https:\/\/a3noticias.com.mx\/sandbox\/wp-json\/wp\/v2\/posts"}],"about":[{"href":"https:\/\/a3noticias.com.mx\/sandbox\/wp-json\/wp\/v2\/types\/post"}],"author":[{"embeddable":true,"href":"https:\/\/a3noticias.com.mx\/sandbox\/wp-json\/wp\/v2\/users\/2"}],"replies":[{"embeddable":true,"href":"https:\/\/a3noticias.com.mx\/sandbox\/wp-json\/wp\/v2\/comments?post=19281"}],"version-history":[{"count":1,"href":"https:\/\/a3noticias.com.mx\/sandbox\/wp-json\/wp\/v2\/posts\/19281\/revisions"}],"predecessor-version":[{"id":19283,"href":"https:\/\/a3noticias.com.mx\/sandbox\/wp-json\/wp\/v2\/posts\/19281\/revisions\/19283"}],"wp:featuredmedia":[{"embeddable":true,"href":"https:\/\/a3noticias.com.mx\/sandbox\/wp-json\/wp\/v2\/media\/19282"}],"wp:attachment":[{"href":"https:\/\/a3noticias.com.mx\/sandbox\/wp-json\/wp\/v2\/media?parent=19281"}],"wp:term":[{"taxonomy":"category","embeddable":true,"href":"https:\/\/a3noticias.com.mx\/sandbox\/wp-json\/wp\/v2\/categories?post=19281"},{"taxonomy":"post_tag","embeddable":true,"href":"https:\/\/a3noticias.com.mx\/sandbox\/wp-json\/wp\/v2\/tags?post=19281"}],"curies":[{"name":"wp","href":"https:\/\/api.w.org\/{rel}","templated":true}]}}