{"id":19284,"date":"2022-03-04T11:27:32","date_gmt":"2022-03-04T17:27:32","guid":{"rendered":"https:\/\/a3noticias.com.mx\/sandbox\/?p=19284"},"modified":"2022-03-04T11:27:34","modified_gmt":"2022-03-04T17:27:34","slug":"mexico-no-participara-en-ninguna-sancion-multilateral-sre","status":"publish","type":"post","link":"https:\/\/a3noticias.com.mx\/sandbox\/2022\/03\/04\/mexico-no-participara-en-ninguna-sancion-multilateral-sre\/","title":{"rendered":"M\u00e9xico no participar\u00e1 en ninguna sanci\u00f3n multilateral: SRE"},"content":{"rendered":"\n<p>El canciller Marcelo Ebrard Casaubon, reiter\u00f3 esta ma\u00f1ana que M\u00e9xico no participar\u00e1 en ninguna sanci\u00f3n unilateral contra Rusia por su invasi\u00f3n a Ucrania, esto solo aplicar\u00eda de manera multilateral, es decir, de acuerdo con otras naciones, en caso de que el Consejo de Seguridad de la&nbsp;ONU&nbsp;as\u00ed lo decidiera.<\/p>\n\n\n\n<blockquote class=\"wp-block-quote is-layout-flow wp-block-quote-is-layout-flow\"><p>\u201cM\u00e9xico no va a participar en ning\u00fan tipo de sanci\u00f3n que no sean las sanciones multilaterales que en su caso aprobase el consejo de seguridad de la\u00a0<strong>ONU<\/strong>, entonces en eso no hay ninguna ambig\u00fcedad\u201d, apunt\u00f3.<\/p><\/blockquote>\n\n\n\n<p>El Secretario de Relaciones Exteriores, refiri\u00f3 que M\u00e9xico a lo largo de su historia nunca ha aplicado&nbsp;sanciones unilaterales&nbsp;contra cualquier pa\u00eds y que por el contrario, somos un pa\u00eds que busca la resoluci\u00f3n de los conflictos a trav\u00e9s de la v\u00eda diplom\u00e1tica.<\/p>\n\n\n\n<blockquote class=\"wp-block-quote is-layout-flow wp-block-quote-is-layout-flow\"><p>\u201cM\u00e9xico es un pa\u00eds que sostiene la proscripci\u00f3n del uso de la fuerza en las relaciones internacionales, y est\u00e1 en nuestra Constituci\u00f3n: soluci\u00f3n pac\u00edfica de los conflictos. La posici\u00f3n de M\u00e9xico ha sido muy clara: condenamos en\u00e9rgicamente la invasi\u00f3n de Ucrania, no hay m\u00e1s que decir eso\u201d, explic\u00f3.<\/p><\/blockquote>\n\n\n\n<p>Detall\u00f3 que la principal preocupaci\u00f3n que tiene M\u00e9xico en este momento, es \u201cque se le d\u00e9 una oportunidad a la diplomacia para encontrar una forma de proteger a la poblaci\u00f3n civil y defender los valores que defendemos junto a otros pa\u00edses\u201d, asimismo, destac\u00f3 que se est\u00e1 trabajando en conjunto con otras naciones para lograrlo.<\/p>\n\n\n\n<p>Ebrard mencion\u00f3 que las primeras horas de este viernes arrib\u00f3 un avi\u00f3n de la Fuerza A\u00e9rea Mexicana, a nuestro pa\u00eds con 81 personas provenientes de diversas nacionalidades, entre ellos mexicanos, evacuados de Ucrania.<\/p>\n\n\n\n<figure class=\"wp-block-embed-twitter wp-block-embed is-type-rich is-provider-twitter\"><div class=\"wp-block-embed__wrapper\">\n<blockquote class=\"twitter-tweet\" data-width=\"550\" data-dnt=\"true\"><p lang=\"es\" dir=\"ltr\">\ud83d\udcf8 Aterriza el avi\u00f3n de la Fuerza A\u00e9rea Mexicana\ud83c\uddf2\ud83c\uddfd, procedente de Ruman\u00eda\ud83c\uddf7\ud83c\uddf4, con 81 evacuadas y evacuados desde Ucrania\ud83c\uddfa\ud83c\udde6. <br><br>Despu\u00e9s de haber realizado escalas en Irlanda\ud83c\uddee\ud83c\uddea y Canad\u00e1\ud83c\udde8\ud83c\udde6, finalmente las y los mexicanos voluntariamente repatriados ya se encuentran a salvo en casa.<br>\ud83e\uddf5 <a href=\"https:\/\/t.co\/a129l5ONJk\">pic.twitter.com\/a129l5ONJk<\/a><\/p>&mdash; Relaciones Exteriores (@SRE_mx) <a href=\"https:\/\/twitter.com\/SRE_mx\/status\/1499647252201103361?ref_src=twsrc%5Etfw\">March 4, 2022<\/a><\/blockquote><script async src=\"https:\/\/platform.twitter.com\/widgets.js\" charset=\"utf-8\"><\/script>\n<\/div><\/figure>\n\n\n\n<p><\/p>\n","protected":false},"excerpt":{"rendered":"<p>El canciller Marcelo Ebrard Casaubon, reiter\u00f3 esta ma\u00f1ana que M\u00e9xico no participar\u00e1 en ninguna sanci\u00f3n unilateral contra Rusia por su invasi\u00f3n a Ucrania, esto solo aplicar\u00eda de manera multilateral, es &hellip; <a href=\"https:\/\/a3noticias.com.mx\/sandbox\/2022\/03\/04\/mexico-no-participara-en-ninguna-sancion-multilateral-sre\/\" class=\"more-link\">Leer m\u00e1s<\/a><\/p>\n","protected":false},"author":4,"featured_media":19285,"comment_status":"open","ping_status":"open","sticky":false,"template":"","format":"standard","meta":{"_monsterinsights_skip_tracking":false,"_monsterinsights_sitenote_active":false,"_monsterinsights_sitenote_note":"","_monsterinsights_sitenote_category":0,"footnotes":""},"categories":[3],"tags":[],"class_list":["post-19284","post","type-post","status-publish","format-standard","has-post-thumbnail","hentry","category-nal","entry"],"aioseo_notices":[],"_links":{"self":[{"href":"https:\/\/a3noticias.com.mx\/sandbox\/wp-json\/wp\/v2\/posts\/19284","targetHints":{"allow":["GET"]}}],"collection":[{"href":"https:\/\/a3noticias.com.mx\/sandbox\/wp-json\/wp\/v2\/posts"}],"about":[{"href":"https:\/\/a3noticias.com.mx\/sandbox\/wp-json\/wp\/v2\/types\/post"}],"author":[{"embeddable":true,"href":"https:\/\/a3noticias.com.mx\/sandbox\/wp-json\/wp\/v2\/users\/4"}],"replies":[{"embeddable":true,"href":"https:\/\/a3noticias.com.mx\/sandbox\/wp-json\/wp\/v2\/comments?post=19284"}],"version-history":[{"count":1,"href":"https:\/\/a3noticias.com.mx\/sandbox\/wp-json\/wp\/v2\/posts\/19284\/revisions"}],"predecessor-version":[{"id":19286,"href":"https:\/\/a3noticias.com.mx\/sandbox\/wp-json\/wp\/v2\/posts\/19284\/revisions\/19286"}],"wp:featuredmedia":[{"embeddable":true,"href":"https:\/\/a3noticias.com.mx\/sandbox\/wp-json\/wp\/v2\/media\/19285"}],"wp:attachment":[{"href":"https:\/\/a3noticias.com.mx\/sandbox\/wp-json\/wp\/v2\/media?parent=19284"}],"wp:term":[{"taxonomy":"category","embeddable":true,"href":"https:\/\/a3noticias.com.mx\/sandbox\/wp-json\/wp\/v2\/categories?post=19284"},{"taxonomy":"post_tag","embeddable":true,"href":"https:\/\/a3noticias.com.mx\/sandbox\/wp-json\/wp\/v2\/tags?post=19284"}],"curies":[{"name":"wp","href":"https:\/\/api.w.org\/{rel}","templated":true}]}}