{"id":19414,"date":"2022-03-11T12:25:06","date_gmt":"2022-03-11T18:25:06","guid":{"rendered":"https:\/\/a3noticias.com.mx\/sandbox\/?p=19414"},"modified":"2022-03-11T12:25:07","modified_gmt":"2022-03-11T18:25:07","slug":"municipio-de-queretaro-e-iqt-evaluan-servicio-de-transporte-en-la-capital","status":"publish","type":"post","link":"https:\/\/a3noticias.com.mx\/sandbox\/2022\/03\/11\/municipio-de-queretaro-e-iqt-evaluan-servicio-de-transporte-en-la-capital\/","title":{"rendered":"Municipio de Quer\u00e9taro e IQT eval\u00faan servicio de transporte en la capital."},"content":{"rendered":"\n<p>Luis Bernardo Nava, presidente municipal de Quer\u00e9taro, sostuvo una reuni\u00f3n con el secretario de Movilidad del Municipio, Rodrigo Vega Maestre y con el titular del Instituto Queretano del Transporte (IQT), David S\u00e1nchez Padilla, con la finalidad de dar seguimiento a temas relacionados con el servicio de transporte que brinda el Municipio de Quer\u00e9taro.<\/p>\n\n\n\n<p>Durante la reuni\u00f3n, llevada a cabo en la sede de la Secretar\u00eda de Movilidad,  se habl\u00f3 de que el regreso a clases presenciales acrecentar\u00e1 la demanda de servicio de transporte para estudiantes de los distintos niveles educativos, en ese sentido se comentaron los esfuerzos de coordinaci\u00f3n que se requerir\u00e1n para atender a la poblaci\u00f3n.<\/p>\n\n\n\n<p>Aunado a eso, se evalu\u00f3 el sistema de transporte que con 37 unidades distribuidas en 9 rutas, acerca a los usuarios a los Ejes Troncales, brindando de manera diaria unos 22 mil traslados, contabilizando poco m\u00e1s de 5 millones de servicios desde su puesta en operaci\u00f3n en diciembre del 2020.<\/p>\n","protected":false},"excerpt":{"rendered":"<p>Luis Bernardo Nava, presidente municipal de Quer\u00e9taro, sostuvo una reuni\u00f3n con el secretario de Movilidad del Municipio, Rodrigo Vega Maestre y con el titular del Instituto Queretano del Transporte (IQT), &hellip; <a href=\"https:\/\/a3noticias.com.mx\/sandbox\/2022\/03\/11\/municipio-de-queretaro-e-iqt-evaluan-servicio-de-transporte-en-la-capital\/\" class=\"more-link\">Leer m\u00e1s<\/a><\/p>\n","protected":false},"author":2,"featured_media":19415,"comment_status":"open","ping_status":"open","sticky":false,"template":"","format":"standard","meta":{"_monsterinsights_skip_tracking":false,"_monsterinsights_sitenote_active":false,"_monsterinsights_sitenote_note":"","_monsterinsights_sitenote_category":0,"footnotes":""},"categories":[2],"tags":[],"class_list":["post-19414","post","type-post","status-publish","format-standard","has-post-thumbnail","hentry","category-qro","entry"],"aioseo_notices":[],"_links":{"self":[{"href":"https:\/\/a3noticias.com.mx\/sandbox\/wp-json\/wp\/v2\/posts\/19414","targetHints":{"allow":["GET"]}}],"collection":[{"href":"https:\/\/a3noticias.com.mx\/sandbox\/wp-json\/wp\/v2\/posts"}],"about":[{"href":"https:\/\/a3noticias.com.mx\/sandbox\/wp-json\/wp\/v2\/types\/post"}],"author":[{"embeddable":true,"href":"https:\/\/a3noticias.com.mx\/sandbox\/wp-json\/wp\/v2\/users\/2"}],"replies":[{"embeddable":true,"href":"https:\/\/a3noticias.com.mx\/sandbox\/wp-json\/wp\/v2\/comments?post=19414"}],"version-history":[{"count":1,"href":"https:\/\/a3noticias.com.mx\/sandbox\/wp-json\/wp\/v2\/posts\/19414\/revisions"}],"predecessor-version":[{"id":19416,"href":"https:\/\/a3noticias.com.mx\/sandbox\/wp-json\/wp\/v2\/posts\/19414\/revisions\/19416"}],"wp:featuredmedia":[{"embeddable":true,"href":"https:\/\/a3noticias.com.mx\/sandbox\/wp-json\/wp\/v2\/media\/19415"}],"wp:attachment":[{"href":"https:\/\/a3noticias.com.mx\/sandbox\/wp-json\/wp\/v2\/media?parent=19414"}],"wp:term":[{"taxonomy":"category","embeddable":true,"href":"https:\/\/a3noticias.com.mx\/sandbox\/wp-json\/wp\/v2\/categories?post=19414"},{"taxonomy":"post_tag","embeddable":true,"href":"https:\/\/a3noticias.com.mx\/sandbox\/wp-json\/wp\/v2\/tags?post=19414"}],"curies":[{"name":"wp","href":"https:\/\/api.w.org\/{rel}","templated":true}]}}