{"id":19420,"date":"2022-03-11T13:34:30","date_gmt":"2022-03-11T19:34:30","guid":{"rendered":"https:\/\/a3noticias.com.mx\/sandbox\/?p=19420"},"modified":"2022-03-11T13:34:32","modified_gmt":"2022-03-11T19:34:32","slug":"yo-escribi-el-comunicado-al-parlamento-europeo-amlo","status":"publish","type":"post","link":"https:\/\/a3noticias.com.mx\/sandbox\/2022\/03\/11\/yo-escribi-el-comunicado-al-parlamento-europeo-amlo\/","title":{"rendered":"Yo escrib\u00ed el comunicado al Parlamento Europeo: AMLO"},"content":{"rendered":"\n<p>Luego de que este jueves el Parlamento Europeo aprobara un documento en el que le pide al Gobierno mexicano actuar de manera firme ante los ataques que vive la prensa y los defensores de los derechos humanos, a lo cual&nbsp; la presidencia de M\u00e9xico emiti\u00f3 una carta en respuesta.<\/p>\n\n\n\n<p>De acuerdo con el presidente, Andr\u00e9s Manuel L\u00f3pez Obrador, fue \u00e9l mismo quien escribi\u00f3 el comunicado en respuesta a la resoluci\u00f3n del Parlamento Europeo, en el cual, se\u00f1al\u00f3 que califica a los parlamentarios europeos de \u201cborregos\u201d.&nbsp;<\/p>\n\n\n\n<blockquote class=\"wp-block-quote is-layout-flow wp-block-quote-is-layout-flow\"><p>\u00abSe fij\u00f3 una postura del Gobierno de M\u00e9xico ante una resoluci\u00f3n calumniosa del Parlamento Europeo\u00bb.<\/p><\/blockquote>\n\n\n\n<p>El titular del Ejecutivo federal se\u00f1al\u00f3 que es falsa la postura de los legisladores europeos en el tema, pues su resoluci\u00f3n condena el asesinato de periodistas en M\u00e9xico, al se\u00f1alar que el pa\u00eds es el lugar m\u00e1s peligroso (fuera de una zona de guerra) para los comunicadores.<\/p>\n\n\n\n<blockquote class=\"wp-block-quote is-layout-flow wp-block-quote-is-layout-flow\"><p>\u201cA los diputados del Parlamento Europeo: Basta de corrupci\u00f3n, de mentiras y de hipocres\u00edas. Es lamentable que se sumen como borregos a la estrategia reaccionaria y golpista del grupo corrupto que se opone a la Cuarta Transformaci\u00f3n, impulsada por millones de mexicanos para enfrentar la monstruosa desigualdad y la violencia heredada por la pol\u00edtica econ\u00f3mica neoliberal que durante 36 a\u00f1os se impuso en nuestro pa\u00eds. Sepan diputados europeos, que M\u00e9xico ha dejado de ser tierra de conquista y, como en muy pocas ocasiones en su historia, se est\u00e1n haciendo valer los principios libertarios de igualdad y democracia. Aqu\u00ed no se reprime a nadie, se respeta la libertad de expresi\u00f3n y el trabajo de los periodistas\u201d.<\/p><\/blockquote>\n\n\n\n<p>Adem\u00e1s, enfatiz\u00f3 que los diputados europeos que aprobaron la resoluci\u00f3n son de mentalidad conservadora y colonialista.<\/p>\n\n\n\n<p>La aparente falta de inteligencia emocional y diplomacia en el mensaje desato burlas, cr\u00edticas de la oposici\u00f3n e incluso memes. <\/p>\n\n\n\n<figure class=\"wp-block-image size-full\"><img loading=\"lazy\" decoding=\"async\" width=\"612\" height=\"792\" src=\"https:\/\/a3noticias.com.mx\/sandbox\/wp-content\/uploads\/2022\/03\/comunicado-gobierno-federal.jpeg\" alt=\"\" class=\"wp-image-19421\" srcset=\"https:\/\/a3noticias.com.mx\/sandbox\/wp-content\/uploads\/2022\/03\/comunicado-gobierno-federal.jpeg 612w, https:\/\/a3noticias.com.mx\/sandbox\/wp-content\/uploads\/2022\/03\/comunicado-gobierno-federal-232x300.jpeg 232w, https:\/\/a3noticias.com.mx\/sandbox\/wp-content\/uploads\/2022\/03\/comunicado-gobierno-federal-70x90.jpeg 70w\" sizes=\"auto, (max-width: 612px) 100vw, 612px\" \/><\/figure>\n","protected":false},"excerpt":{"rendered":"<p>Luego de que este jueves el Parlamento Europeo aprobara un documento en el que le pide al Gobierno mexicano actuar de manera firme ante los ataques que vive la prensa &hellip; <a href=\"https:\/\/a3noticias.com.mx\/sandbox\/2022\/03\/11\/yo-escribi-el-comunicado-al-parlamento-europeo-amlo\/\" class=\"more-link\">Leer m\u00e1s<\/a><\/p>\n","protected":false},"author":2,"featured_media":19422,"comment_status":"open","ping_status":"open","sticky":false,"template":"","format":"standard","meta":{"_monsterinsights_skip_tracking":false,"_monsterinsights_sitenote_active":false,"_monsterinsights_sitenote_note":"","_monsterinsights_sitenote_category":0,"footnotes":""},"categories":[3],"tags":[],"class_list":["post-19420","post","type-post","status-publish","format-standard","has-post-thumbnail","hentry","category-nal","entry"],"aioseo_notices":[],"_links":{"self":[{"href":"https:\/\/a3noticias.com.mx\/sandbox\/wp-json\/wp\/v2\/posts\/19420","targetHints":{"allow":["GET"]}}],"collection":[{"href":"https:\/\/a3noticias.com.mx\/sandbox\/wp-json\/wp\/v2\/posts"}],"about":[{"href":"https:\/\/a3noticias.com.mx\/sandbox\/wp-json\/wp\/v2\/types\/post"}],"author":[{"embeddable":true,"href":"https:\/\/a3noticias.com.mx\/sandbox\/wp-json\/wp\/v2\/users\/2"}],"replies":[{"embeddable":true,"href":"https:\/\/a3noticias.com.mx\/sandbox\/wp-json\/wp\/v2\/comments?post=19420"}],"version-history":[{"count":1,"href":"https:\/\/a3noticias.com.mx\/sandbox\/wp-json\/wp\/v2\/posts\/19420\/revisions"}],"predecessor-version":[{"id":19423,"href":"https:\/\/a3noticias.com.mx\/sandbox\/wp-json\/wp\/v2\/posts\/19420\/revisions\/19423"}],"wp:featuredmedia":[{"embeddable":true,"href":"https:\/\/a3noticias.com.mx\/sandbox\/wp-json\/wp\/v2\/media\/19422"}],"wp:attachment":[{"href":"https:\/\/a3noticias.com.mx\/sandbox\/wp-json\/wp\/v2\/media?parent=19420"}],"wp:term":[{"taxonomy":"category","embeddable":true,"href":"https:\/\/a3noticias.com.mx\/sandbox\/wp-json\/wp\/v2\/categories?post=19420"},{"taxonomy":"post_tag","embeddable":true,"href":"https:\/\/a3noticias.com.mx\/sandbox\/wp-json\/wp\/v2\/tags?post=19420"}],"curies":[{"name":"wp","href":"https:\/\/api.w.org\/{rel}","templated":true}]}}