{"id":19430,"date":"2022-03-11T16:40:33","date_gmt":"2022-03-11T22:40:33","guid":{"rendered":"https:\/\/a3noticias.com.mx\/sandbox\/?p=19430"},"modified":"2022-03-11T16:51:00","modified_gmt":"2022-03-11T22:51:00","slug":"en-queretaro-se-consolida-tendencia-a-la-baja-de-covid-19","status":"publish","type":"post","link":"https:\/\/a3noticias.com.mx\/sandbox\/2022\/03\/11\/en-queretaro-se-consolida-tendencia-a-la-baja-de-covid-19\/","title":{"rendered":"En Quer\u00e9taro se consolida tendencia a la baja de Covid-19"},"content":{"rendered":"\n<p>Derivado de un franco descenso en diversos indicadores que miden el comportamiento del SARS-CoV-2 en Quer\u00e9taro, entre los que destacan una reducci\u00f3n en la demanda de atenci\u00f3n hospitalaria, disminuci\u00f3n de nuevos contagios y casos activos, las y los especialistas del Comit\u00e9 T\u00e9cnico para la Atenci\u00f3n de Covid-19, aseguraron que en el estado se consolida tendencia a la baja de la enfermedad.<\/p>\n\n\n\n<p>En la mesa de an\u00e1lisis, expusieron los datos que muestran de forma sostenida esta proyecci\u00f3n, aunado al \u00edndice de positividad en pruebas COVID-19, acciones que confirman que el cumplimiento estricto de las determinaciones aprobadas como el uso de las medidas no farmacol\u00f3gicas y la aplicaci\u00f3n de la vacuna contribuyen en gran medida al control del padecimiento.<\/p>\n\n\n\n<p>En este tenor, pidieron a las y los ciudadanos continuar con los esfuerzos para mitigar los efectos de la pandemia, pues precisaron que, a la fecha, en Quer\u00e9taro se cuenta con un alto porcentaje de poblaci\u00f3n vacunada y; adem\u00e1s, se trabaja coordinadamente en la aplicaci\u00f3n de medidas preventivas a fin de sumar acciones que promuevan un entorno saludable.<\/p>\n\n\n\n<p>Recomendaron a las y los queretanos continuar con el uso correcto del cubreboca, el lavado constante de manos con agua y jab\u00f3n o el uso de alcohol en gel, mantener la sana distancia, realizar actividades en espacios ventilados y limitar la movilidad a lo indispensable.<\/p>\n\n\n\n<p>Convocaron a la poblaci\u00f3n a estar atenta a las convocatorias de las jornadas de vacunaci\u00f3n que a\u00fan persisten en el estado y que continuar\u00e1n con la aplicaci\u00f3n de dosis de refuerzo para las y los ciudadanos que hayan completado su cuadro de inoculaci\u00f3n, pues insistieron que sigue siendo una herramienta indispensable para evitar las complicaciones por COVID-19.<\/p>\n\n\n\n<p>Exhortaron que, ante cualquier s\u00edntoma respiratorio, deben aislarse y acudir a su centro de salud m\u00e1s cercano o contactar a la l\u00ednea COVID (442-101-52-05), donde m\u00e9dicas y m\u00e9dicos brindan atenci\u00f3n telef\u00f3nica las 24 horas del d\u00eda durante los siete d\u00edas de la semana.<\/p>\n\n\n\n<p>Reiteraron que, para hacer frente al virus, el Comit\u00e9 T\u00e9cnico para la Atenci\u00f3n de Covid-19 mantiene un monitoreo permanente sobre el comportamiento de la enfermedad en el estado y el respeto a las medidas sanitarias.<\/p>\n","protected":false},"excerpt":{"rendered":"<p>Derivado de un franco descenso en diversos indicadores que miden el comportamiento del SARS-CoV-2 en Quer\u00e9taro, entre los que destacan una reducci\u00f3n en la demanda de atenci\u00f3n hospitalaria, disminuci\u00f3n de &hellip; <a href=\"https:\/\/a3noticias.com.mx\/sandbox\/2022\/03\/11\/en-queretaro-se-consolida-tendencia-a-la-baja-de-covid-19\/\" class=\"more-link\">Leer m\u00e1s<\/a><\/p>\n","protected":false},"author":4,"featured_media":19434,"comment_status":"open","ping_status":"open","sticky":false,"template":"","format":"standard","meta":{"_monsterinsights_skip_tracking":false,"_monsterinsights_sitenote_active":false,"_monsterinsights_sitenote_note":"","_monsterinsights_sitenote_category":0,"footnotes":""},"categories":[2],"tags":[],"class_list":["post-19430","post","type-post","status-publish","format-standard","has-post-thumbnail","hentry","category-qro","entry"],"aioseo_notices":[],"_links":{"self":[{"href":"https:\/\/a3noticias.com.mx\/sandbox\/wp-json\/wp\/v2\/posts\/19430","targetHints":{"allow":["GET"]}}],"collection":[{"href":"https:\/\/a3noticias.com.mx\/sandbox\/wp-json\/wp\/v2\/posts"}],"about":[{"href":"https:\/\/a3noticias.com.mx\/sandbox\/wp-json\/wp\/v2\/types\/post"}],"author":[{"embeddable":true,"href":"https:\/\/a3noticias.com.mx\/sandbox\/wp-json\/wp\/v2\/users\/4"}],"replies":[{"embeddable":true,"href":"https:\/\/a3noticias.com.mx\/sandbox\/wp-json\/wp\/v2\/comments?post=19430"}],"version-history":[{"count":2,"href":"https:\/\/a3noticias.com.mx\/sandbox\/wp-json\/wp\/v2\/posts\/19430\/revisions"}],"predecessor-version":[{"id":19435,"href":"https:\/\/a3noticias.com.mx\/sandbox\/wp-json\/wp\/v2\/posts\/19430\/revisions\/19435"}],"wp:featuredmedia":[{"embeddable":true,"href":"https:\/\/a3noticias.com.mx\/sandbox\/wp-json\/wp\/v2\/media\/19434"}],"wp:attachment":[{"href":"https:\/\/a3noticias.com.mx\/sandbox\/wp-json\/wp\/v2\/media?parent=19430"}],"wp:term":[{"taxonomy":"category","embeddable":true,"href":"https:\/\/a3noticias.com.mx\/sandbox\/wp-json\/wp\/v2\/categories?post=19430"},{"taxonomy":"post_tag","embeddable":true,"href":"https:\/\/a3noticias.com.mx\/sandbox\/wp-json\/wp\/v2\/tags?post=19430"}],"curies":[{"name":"wp","href":"https:\/\/api.w.org\/{rel}","templated":true}]}}