{"id":19438,"date":"2022-03-11T17:09:30","date_gmt":"2022-03-11T23:09:30","guid":{"rendered":"https:\/\/a3noticias.com.mx\/sandbox\/?p=19438"},"modified":"2022-03-11T17:10:48","modified_gmt":"2022-03-11T23:10:48","slug":"queretanos-logran-certificacion-internacional-en-luchas-asociadas","status":"publish","type":"post","link":"https:\/\/a3noticias.com.mx\/sandbox\/2022\/03\/11\/queretanos-logran-certificacion-internacional-en-luchas-asociadas\/","title":{"rendered":"Queretanos logran certificaci\u00f3n internacional en luchas asociadas"},"content":{"rendered":"\n<p>Los queretanos, Wendoline Moreno, \u00e1rbitra profesional, y Bernardo Olvera, entrenador, participaron en un curso impartido por entrenadores de la United World Wrestling (UWW) y la Federaci\u00f3n Medallistas de Luchas Asociadas (FEMELA), con la intenci\u00f3n de certificar a entrenadores mexicanos para darle un mejor impulso a las categor\u00edas menores que se perfilan para ser atletas de alto rendimiento.<\/p>\n\n\n\n<blockquote class=\"wp-block-quote is-style-large is-layout-flow wp-block-quote-is-layout-flow\"><p>\u201cFue enfocado hacia la ense\u00f1anza correcta de los ni\u00f1os, para que su vida deportiva sea m\u00e1s larga, y cuando lleguen al deporte de elite, no est\u00e9n cansados, aburridos o enfadados. Fue un curso de ense\u00f1ar a ense\u00f1ar, los profesores vinieron a ense\u00f1arnos a nosotros como ense\u00f1arle a los ni\u00f1os de manera correcta el deporte para una vida m\u00e1s saludable y no como antes que se les exig\u00edan resultados en un corto plazo\u201d, se\u00f1al\u00f3 Wendoline.<\/p><\/blockquote>\n\n\n\n<p>Quer\u00e9taro es considerado como uno de los estados m\u00e1s fuertes a nivel nacional en esta disciplina, por lo que este tipo de capacitaciones son importantes para que el nivel de los luchadores y luchadoras siga creciendo.<\/p>\n\n\n\n<p>El evento se realiz\u00f3 en el Gimnasio Ol\u00edmpico de Lucha en el Centro Deportivo Ol\u00edmpico Mexicano, el cual tambi\u00e9n fue inaugurado, y cont\u00f3 con la presencia de la presidenta del Comit\u00e9 Ol\u00edmpico Mexicano, Mar\u00eda Jos\u00e9 Alcal\u00e1; Guillermo D\u00edaz, presidente de la FEMELA; Daniel Aceves, vicepresidente del COM; &nbsp;y por Yuri Maier Oficial de Desarrollo y Deporte de la UWW.<\/p>\n","protected":false},"excerpt":{"rendered":"<p>Los queretanos, Wendoline Moreno, \u00e1rbitra profesional, y Bernardo Olvera, entrenador, participaron en un curso impartido por entrenadores de la United World Wrestling (UWW) y la Federaci\u00f3n Medallistas de Luchas Asociadas &hellip; <a href=\"https:\/\/a3noticias.com.mx\/sandbox\/2022\/03\/11\/queretanos-logran-certificacion-internacional-en-luchas-asociadas\/\" class=\"more-link\">Leer m\u00e1s<\/a><\/p>\n","protected":false},"author":4,"featured_media":19441,"comment_status":"open","ping_status":"open","sticky":false,"template":"","format":"standard","meta":{"_monsterinsights_skip_tracking":false,"_monsterinsights_sitenote_active":false,"_monsterinsights_sitenote_note":"","_monsterinsights_sitenote_category":0,"footnotes":""},"categories":[5,2],"tags":[],"class_list":["post-19438","post","type-post","status-publish","format-standard","has-post-thumbnail","hentry","category-sports","category-qro","entry"],"aioseo_notices":[],"_links":{"self":[{"href":"https:\/\/a3noticias.com.mx\/sandbox\/wp-json\/wp\/v2\/posts\/19438","targetHints":{"allow":["GET"]}}],"collection":[{"href":"https:\/\/a3noticias.com.mx\/sandbox\/wp-json\/wp\/v2\/posts"}],"about":[{"href":"https:\/\/a3noticias.com.mx\/sandbox\/wp-json\/wp\/v2\/types\/post"}],"author":[{"embeddable":true,"href":"https:\/\/a3noticias.com.mx\/sandbox\/wp-json\/wp\/v2\/users\/4"}],"replies":[{"embeddable":true,"href":"https:\/\/a3noticias.com.mx\/sandbox\/wp-json\/wp\/v2\/comments?post=19438"}],"version-history":[{"count":2,"href":"https:\/\/a3noticias.com.mx\/sandbox\/wp-json\/wp\/v2\/posts\/19438\/revisions"}],"predecessor-version":[{"id":19443,"href":"https:\/\/a3noticias.com.mx\/sandbox\/wp-json\/wp\/v2\/posts\/19438\/revisions\/19443"}],"wp:featuredmedia":[{"embeddable":true,"href":"https:\/\/a3noticias.com.mx\/sandbox\/wp-json\/wp\/v2\/media\/19441"}],"wp:attachment":[{"href":"https:\/\/a3noticias.com.mx\/sandbox\/wp-json\/wp\/v2\/media?parent=19438"}],"wp:term":[{"taxonomy":"category","embeddable":true,"href":"https:\/\/a3noticias.com.mx\/sandbox\/wp-json\/wp\/v2\/categories?post=19438"},{"taxonomy":"post_tag","embeddable":true,"href":"https:\/\/a3noticias.com.mx\/sandbox\/wp-json\/wp\/v2\/tags?post=19438"}],"curies":[{"name":"wp","href":"https:\/\/api.w.org\/{rel}","templated":true}]}}