{"id":19444,"date":"2022-03-12T17:00:00","date_gmt":"2022-03-12T23:00:00","guid":{"rendered":"https:\/\/a3noticias.com.mx\/sandbox\/?p=19444"},"modified":"2022-03-11T17:50:26","modified_gmt":"2022-03-11T23:50:26","slug":"corregidora-tendra-festival-para-recibir-la-primavera","status":"publish","type":"post","link":"https:\/\/a3noticias.com.mx\/sandbox\/2022\/03\/12\/corregidora-tendra-festival-para-recibir-la-primavera\/","title":{"rendered":"Corregidora tendr\u00e1 festival para recibir la primavera"},"content":{"rendered":"\n<p>Del pr\u00f3ximo jueves 17 al lunes 21 de marzo habr\u00e1 un programa de actividades en Corregidora por el Festival de Equinoccio 2022,&nbsp; el cual contar\u00e1 con conciertos, recorridos en Tranv\u00eda, Food Trucks, talleres infantiles, globos aerost\u00e1ticos, entre otros.<\/p>\n\n\n\n<p>El recibimiento de la primavera es una de las tradiciones que los mexicanos tenemos muy presentes, pues aprovechamos para acudir a diversos sitios arqueol\u00f3gicos a cargarnos de energ\u00eda al tiempo que se recibe esta estaci\u00f3n del a\u00f1o, por ello, el Municipio de Corregidora ha anunciado su cartelera para el Festival de Equinoccio en su edici\u00f3n 2022.<\/p>\n\n\n\n<p>Entre las actividades m\u00e1s esperadas se encuentran el concierto EXA, que traer\u00e1 reconocidos artistas el jueves 17 de marzo, as\u00ed como la presentaci\u00f3n de Edith M\u00e1rquez el viernes 18 de marzo y la rodada ciclista del lunes 21.<\/p>\n\n\n\n<p>Adem\u00e1s de esto, habr\u00e1 obras de teatro, m\u00fasica prehisp\u00e1nica, noche de Dj, corredor gastron\u00f3mico y artesanal, cabalgata del equinoccio y poemas de Nezahualc\u00f3yotl.<\/p>\n\n\n\n<p>Los eventos ser\u00e1n gratuitos, por lo que ser\u00e1 un gran momento para pasarlo en familia y recargar tu energ\u00eda.<\/p>\n\n\n\n<div class=\"wp-block-image\"><figure class=\"aligncenter size-large is-resized\"><img loading=\"lazy\" decoding=\"async\" src=\"https:\/\/a3noticias.com.mx\/sandbox\/wp-content\/uploads\/2022\/03\/1-1-59x90.jpeg\" alt=\"\" class=\"wp-image-19451\" width=\"389\" height=\"593\"\/><\/figure><\/div>\n\n\n\n<div class=\"wp-block-image\"><figure class=\"aligncenter size-large is-resized\"><img loading=\"lazy\" decoding=\"async\" src=\"https:\/\/a3noticias.com.mx\/sandbox\/wp-content\/uploads\/2022\/03\/2-1-59x90.jpeg\" alt=\"\" class=\"wp-image-19452\" width=\"392\" height=\"598\"\/><\/figure><\/div>\n","protected":false},"excerpt":{"rendered":"<p>Del pr\u00f3ximo jueves 17 al lunes 21 de marzo habr\u00e1 un programa de actividades en Corregidora por el Festival de Equinoccio 2022,&nbsp; el cual contar\u00e1 con conciertos, recorridos en Tranv\u00eda, &hellip; <a href=\"https:\/\/a3noticias.com.mx\/sandbox\/2022\/03\/12\/corregidora-tendra-festival-para-recibir-la-primavera\/\" class=\"more-link\">Leer m\u00e1s<\/a><\/p>\n","protected":false},"author":4,"featured_media":19449,"comment_status":"open","ping_status":"open","sticky":false,"template":"","format":"standard","meta":{"_monsterinsights_skip_tracking":false,"_monsterinsights_sitenote_active":false,"_monsterinsights_sitenote_note":"","_monsterinsights_sitenote_category":0,"footnotes":""},"categories":[2],"tags":[],"class_list":["post-19444","post","type-post","status-publish","format-standard","has-post-thumbnail","hentry","category-qro","entry"],"aioseo_notices":[],"_links":{"self":[{"href":"https:\/\/a3noticias.com.mx\/sandbox\/wp-json\/wp\/v2\/posts\/19444","targetHints":{"allow":["GET"]}}],"collection":[{"href":"https:\/\/a3noticias.com.mx\/sandbox\/wp-json\/wp\/v2\/posts"}],"about":[{"href":"https:\/\/a3noticias.com.mx\/sandbox\/wp-json\/wp\/v2\/types\/post"}],"author":[{"embeddable":true,"href":"https:\/\/a3noticias.com.mx\/sandbox\/wp-json\/wp\/v2\/users\/4"}],"replies":[{"embeddable":true,"href":"https:\/\/a3noticias.com.mx\/sandbox\/wp-json\/wp\/v2\/comments?post=19444"}],"version-history":[{"count":2,"href":"https:\/\/a3noticias.com.mx\/sandbox\/wp-json\/wp\/v2\/posts\/19444\/revisions"}],"predecessor-version":[{"id":19453,"href":"https:\/\/a3noticias.com.mx\/sandbox\/wp-json\/wp\/v2\/posts\/19444\/revisions\/19453"}],"wp:featuredmedia":[{"embeddable":true,"href":"https:\/\/a3noticias.com.mx\/sandbox\/wp-json\/wp\/v2\/media\/19449"}],"wp:attachment":[{"href":"https:\/\/a3noticias.com.mx\/sandbox\/wp-json\/wp\/v2\/media?parent=19444"}],"wp:term":[{"taxonomy":"category","embeddable":true,"href":"https:\/\/a3noticias.com.mx\/sandbox\/wp-json\/wp\/v2\/categories?post=19444"},{"taxonomy":"post_tag","embeddable":true,"href":"https:\/\/a3noticias.com.mx\/sandbox\/wp-json\/wp\/v2\/tags?post=19444"}],"curies":[{"name":"wp","href":"https:\/\/api.w.org\/{rel}","templated":true}]}}