{"id":19454,"date":"2022-03-13T09:00:00","date_gmt":"2022-03-13T15:00:00","guid":{"rendered":"https:\/\/a3noticias.com.mx\/sandbox\/?p=19454"},"modified":"2022-03-11T18:21:46","modified_gmt":"2022-03-12T00:21:46","slug":"antigua-estacion-de-ferrocarril-cumple-20-anos-y-celebra-con-exposiciones","status":"publish","type":"post","link":"https:\/\/a3noticias.com.mx\/sandbox\/2022\/03\/13\/antigua-estacion-de-ferrocarril-cumple-20-anos-y-celebra-con-exposiciones\/","title":{"rendered":"Antigua estaci\u00f3n de Ferrocarril cumple 20 a\u00f1os y celebra con exposiciones"},"content":{"rendered":"\n<p>Este pr\u00f3ximo 25 de marzo, la Antigua Estaci\u00f3n de Ferrocarril cumple 20 a\u00f1os como Centro Cultural del municipio de Quer\u00e9taro,&nbsp;por lo que los celebrar\u00e1 con la presentaci\u00f3n de dos exposiciones, cuyo fin es plasmar la historia del Ferrocarril y sus estaciones, as\u00ed como el sentimiento de viajar.<\/p>\n\n\n\n<p>Fue en 2002, cuando la administraci\u00f3n municipal convirti\u00f3 el lugar que fungi\u00f3 casi cien a\u00f1os como estaci\u00f3n de tren, en Centro Cultural.<\/p>\n\n\n\n<p>Con respecto al tema \u201cDe las estaciones\u201d, estar\u00e1 disponible hasta el 29 de mayo y en ella se podr\u00e1 apreciar una exposici\u00f3n fotogr\u00e1fica con im\u00e1genes de Alicia Ahumada, Lourdes Almeida, Javier Hinojosa, V\u00edctor Rend\u00f3n, Alfredo de Stefano, Mar\u00eda Elena Ter\u00e1n y Mariana Yamposlki.<\/p>\n\n\n\n<p>Adem\u00e1s se exhibir\u00e1n objetos provenientes de la colecci\u00f3n del Centro Nacional para la Preservaci\u00f3n del Patrimonio Cultural Ferrocarrilero, que muestran el paso del tiempo y los vestigios de las estaciones de trenes en el territorio nacional.<\/p>\n\n\n\n<p>Cabe resaltar que \u00e9sta exposici\u00f3n fue una de las primeras en presentarse en el recinto cuando se inaugur\u00f3.<\/p>\n\n\n\n<p>Por otro lado, la exposici\u00f3n \u201cUn viaje\u201d contar\u00e1 con obras de los artistas queretanos Ang\u00e9lica Iracheta, M\u00e1rgara DeHaene, Miguel Loyola, Christian Espejel, entre otros. En ella, se busca expresar el sentimiento que trae consigo el realizar un viaje.<\/p>\n\n\n\n<p>\u00c9sta estar\u00e1 abierta al p\u00fablico hasta el 5 de junio, en la sala de exposiciones temporales, de la segunda planta del edificio.<\/p>\n\n\n\n<p>La entrada ser\u00e1 libre pero el cupo es limitado debido a la pandemia de Covid-19.<\/p>\n\n\n\n<div class=\"wp-block-image\"><figure class=\"aligncenter size-large is-resized\"><img loading=\"lazy\" decoding=\"async\" src=\"https:\/\/a3noticias.com.mx\/sandbox\/wp-content\/uploads\/2022\/03\/Captura-de-pantalla-2022-03-11-a-las-18.18.56-75x90.png\" alt=\"\" class=\"wp-image-19455\" width=\"392\" height=\"470\" srcset=\"https:\/\/a3noticias.com.mx\/sandbox\/wp-content\/uploads\/2022\/03\/Captura-de-pantalla-2022-03-11-a-las-18.18.56-75x90.png 75w, https:\/\/a3noticias.com.mx\/sandbox\/wp-content\/uploads\/2022\/03\/Captura-de-pantalla-2022-03-11-a-las-18.18.56-251x300.png 251w\" sizes=\"auto, (max-width: 392px) 100vw, 392px\" \/><\/figure><\/div>\n\n\n\n<p><\/p>\n","protected":false},"excerpt":{"rendered":"<p>Este pr\u00f3ximo 25 de marzo, la Antigua Estaci\u00f3n de Ferrocarril cumple 20 a\u00f1os como Centro Cultural del municipio de Quer\u00e9taro,&nbsp;por lo que los celebrar\u00e1 con la presentaci\u00f3n de dos exposiciones, &hellip; <a href=\"https:\/\/a3noticias.com.mx\/sandbox\/2022\/03\/13\/antigua-estacion-de-ferrocarril-cumple-20-anos-y-celebra-con-exposiciones\/\" class=\"more-link\">Leer m\u00e1s<\/a><\/p>\n","protected":false},"author":4,"featured_media":19456,"comment_status":"open","ping_status":"open","sticky":false,"template":"","format":"standard","meta":{"_monsterinsights_skip_tracking":false,"_monsterinsights_sitenote_active":false,"_monsterinsights_sitenote_note":"","_monsterinsights_sitenote_category":0,"footnotes":""},"categories":[2],"tags":[],"class_list":["post-19454","post","type-post","status-publish","format-standard","has-post-thumbnail","hentry","category-qro","entry"],"aioseo_notices":[],"_links":{"self":[{"href":"https:\/\/a3noticias.com.mx\/sandbox\/wp-json\/wp\/v2\/posts\/19454","targetHints":{"allow":["GET"]}}],"collection":[{"href":"https:\/\/a3noticias.com.mx\/sandbox\/wp-json\/wp\/v2\/posts"}],"about":[{"href":"https:\/\/a3noticias.com.mx\/sandbox\/wp-json\/wp\/v2\/types\/post"}],"author":[{"embeddable":true,"href":"https:\/\/a3noticias.com.mx\/sandbox\/wp-json\/wp\/v2\/users\/4"}],"replies":[{"embeddable":true,"href":"https:\/\/a3noticias.com.mx\/sandbox\/wp-json\/wp\/v2\/comments?post=19454"}],"version-history":[{"count":1,"href":"https:\/\/a3noticias.com.mx\/sandbox\/wp-json\/wp\/v2\/posts\/19454\/revisions"}],"predecessor-version":[{"id":19457,"href":"https:\/\/a3noticias.com.mx\/sandbox\/wp-json\/wp\/v2\/posts\/19454\/revisions\/19457"}],"wp:featuredmedia":[{"embeddable":true,"href":"https:\/\/a3noticias.com.mx\/sandbox\/wp-json\/wp\/v2\/media\/19456"}],"wp:attachment":[{"href":"https:\/\/a3noticias.com.mx\/sandbox\/wp-json\/wp\/v2\/media?parent=19454"}],"wp:term":[{"taxonomy":"category","embeddable":true,"href":"https:\/\/a3noticias.com.mx\/sandbox\/wp-json\/wp\/v2\/categories?post=19454"},{"taxonomy":"post_tag","embeddable":true,"href":"https:\/\/a3noticias.com.mx\/sandbox\/wp-json\/wp\/v2\/tags?post=19454"}],"curies":[{"name":"wp","href":"https:\/\/api.w.org\/{rel}","templated":true}]}}