{"id":19462,"date":"2022-03-14T09:39:33","date_gmt":"2022-03-14T15:39:33","guid":{"rendered":"https:\/\/a3noticias.com.mx\/sandbox\/?p=19462"},"modified":"2022-03-14T09:39:34","modified_gmt":"2022-03-14T15:39:34","slug":"asi-como-existe-la-union-europea-debe-de-integrarse-todo-america-amlo","status":"publish","type":"post","link":"https:\/\/a3noticias.com.mx\/sandbox\/2022\/03\/14\/asi-como-existe-la-union-europea-debe-de-integrarse-todo-america-amlo\/","title":{"rendered":"As\u00ed como existe la Uni\u00f3n Europea debe de integrarse todo Am\u00e9rica: AMLO"},"content":{"rendered":"\n<p>Despu\u00e9s de que presidente de Argentina, Alberto Fern\u00e1ndez, invitara a su hom\u00f3logo mexicano, Andr\u00e9s Manuel L\u00f3pez Obrador a visitar su pa\u00eds, as\u00ed como a realizar una alianza entre M\u00e9xico, Argentina y Brasil, el jefe del Ejecutivo federal respald\u00f3 la propuesta, y&nbsp; destac\u00f3 que todo el continente debe integrarse, de manera similar a la que lo hizo la Uni\u00f3n Europea.&nbsp;<\/p>\n\n\n\n<blockquote class=\"wp-block-quote is-layout-flow wp-block-quote-is-layout-flow\"><p>\u201cDebe buscarse la integraci\u00f3n de toda Am\u00e9rica. As\u00ed como existe la Uni\u00f3n Europea debe de integrarse todo el continente, consolidar la integraci\u00f3n en Am\u00e9rica del Norte, que estamos llevando a cabo a trav\u00e9s del tratado con Estados Unidos y Canad\u00e1; pero tambi\u00e9n pensar en Centroam\u00e9rica\u201d<\/p><\/blockquote>\n\n\n\n<p>En ese sentido, el mandatario federal, coment\u00f3 que la integraci\u00f3n beneficiar\u00eda a estos pa\u00edses en el tema migratorio, as\u00ed como en el \u00e1rea comercial, pues argument\u00f3 que Centroam\u00e9rica es \u201cuna regi\u00f3n con muchas potencialidades, es la regi\u00f3n m\u00e1s importante del mundo\u201d.&nbsp;<\/p>\n\n\n\n<p>L\u00f3pez Obrador, resalt\u00f3 que la alianza podr\u00eda ayudar a combatir las desigualdades en el continente. Asimismo, aprovech\u00f3 para mostrar la carta que le envi\u00f3 Fern\u00e1ndez, y no descart\u00f3 una visita para reiterar su apoyo al presidente argentino.&nbsp;<\/p>\n\n\n\n<blockquote class=\"wp-block-quote is-layout-flow wp-block-quote-is-layout-flow\"><p>\u201c\u00bfUn viaje? No lo descarto. Tengo un viaje programado a Centroam\u00e9rica y el Caribe, vamos a estar en El Salvador, Honduras, Guatemala, Belice y vamos a estar en Cuba, esto en mayo. (\u2026) S\u00ed me gustar\u00eda ir al cono sur, nada m\u00e1s que por ahora esto es lo que tenemos programado\u201d.<\/p><\/blockquote>\n\n\n\n<p>En cuanto a que el Instituto Nacional Electoral orden\u00f3 el retiro de propaganda de la Consulta de Revocaci\u00f3n de Mandato por considerar que transgrede la Constituci\u00f3n, de la cual existe una falta de certeza sobre la autor\u00eda y recursos involucrados para la elaboraci\u00f3n y difusi\u00f3n de la publicidad en cuesti\u00f3n, AMLO acus\u00f3 durante su conferencia matutina que el INE act\u00faa de forma antidemocr\u00e1tica.<\/p>\n\n\n\n<p>En este sentido, el jefe del Ejecutivo federal refiri\u00f3 que el INE est\u00e1 violando la Constituci\u00f3n al ordenar retirar la propaganda ciudadana sobre la consulta de Revocaci\u00f3n de Mandato.<\/p>\n\n\n\n<blockquote class=\"wp-block-quote is-layout-flow wp-block-quote-is-layout-flow\"><p>\u201cEl INE, con todo respeto y sin el \u00e1nimo de polemizar, est\u00e1 actuando de manera antidemocr\u00e1tica y est\u00e1n violando la Constituci\u00f3n en la letra y en el esp\u00edritu, porque no quieren que se sepa de qu\u00e9 va a haber una consulta, un ejercicio democr\u00e1tico es una paradoja\u201d.<\/p><\/blockquote>\n\n\n\n<p>El mandatario federal se\u00f1al\u00f3 que el ejercicio revocatorio \u201ces un hecho in\u00e9dito\u201d en donde se reafirma que la soberan\u00eda nace del pueblo, y apunt\u00f3 que los medios de comunicaci\u00f3n promueven, lo que denomin\u00f3, un \u201cgolpismo medi\u00e1tico\u201d.<\/p>\n\n\n\n<blockquote class=\"wp-block-quote is-layout-flow wp-block-quote-is-layout-flow\"><p>\u201cAdem\u00e1s si tenemos diferencias (con los conservadores), como la tenemos, la mejor manera de resolverlas es por la v\u00eda pac\u00edfica y democr\u00e1tica.y no por el golpismo\u201d.<\/p><\/blockquote>\n","protected":false},"excerpt":{"rendered":"<p>Despu\u00e9s de que presidente de Argentina, Alberto Fern\u00e1ndez, invitara a su hom\u00f3logo mexicano, Andr\u00e9s Manuel L\u00f3pez Obrador a visitar su pa\u00eds, as\u00ed como a realizar una alianza entre M\u00e9xico, Argentina &hellip; <a href=\"https:\/\/a3noticias.com.mx\/sandbox\/2022\/03\/14\/asi-como-existe-la-union-europea-debe-de-integrarse-todo-america-amlo\/\" class=\"more-link\">Leer m\u00e1s<\/a><\/p>\n","protected":false},"author":2,"featured_media":19463,"comment_status":"open","ping_status":"open","sticky":false,"template":"","format":"standard","meta":{"_monsterinsights_skip_tracking":false,"_monsterinsights_sitenote_active":false,"_monsterinsights_sitenote_note":"","_monsterinsights_sitenote_category":0,"footnotes":""},"categories":[3],"tags":[],"class_list":["post-19462","post","type-post","status-publish","format-standard","has-post-thumbnail","hentry","category-nal","entry"],"aioseo_notices":[],"_links":{"self":[{"href":"https:\/\/a3noticias.com.mx\/sandbox\/wp-json\/wp\/v2\/posts\/19462","targetHints":{"allow":["GET"]}}],"collection":[{"href":"https:\/\/a3noticias.com.mx\/sandbox\/wp-json\/wp\/v2\/posts"}],"about":[{"href":"https:\/\/a3noticias.com.mx\/sandbox\/wp-json\/wp\/v2\/types\/post"}],"author":[{"embeddable":true,"href":"https:\/\/a3noticias.com.mx\/sandbox\/wp-json\/wp\/v2\/users\/2"}],"replies":[{"embeddable":true,"href":"https:\/\/a3noticias.com.mx\/sandbox\/wp-json\/wp\/v2\/comments?post=19462"}],"version-history":[{"count":1,"href":"https:\/\/a3noticias.com.mx\/sandbox\/wp-json\/wp\/v2\/posts\/19462\/revisions"}],"predecessor-version":[{"id":19464,"href":"https:\/\/a3noticias.com.mx\/sandbox\/wp-json\/wp\/v2\/posts\/19462\/revisions\/19464"}],"wp:featuredmedia":[{"embeddable":true,"href":"https:\/\/a3noticias.com.mx\/sandbox\/wp-json\/wp\/v2\/media\/19463"}],"wp:attachment":[{"href":"https:\/\/a3noticias.com.mx\/sandbox\/wp-json\/wp\/v2\/media?parent=19462"}],"wp:term":[{"taxonomy":"category","embeddable":true,"href":"https:\/\/a3noticias.com.mx\/sandbox\/wp-json\/wp\/v2\/categories?post=19462"},{"taxonomy":"post_tag","embeddable":true,"href":"https:\/\/a3noticias.com.mx\/sandbox\/wp-json\/wp\/v2\/tags?post=19462"}],"curies":[{"name":"wp","href":"https:\/\/api.w.org\/{rel}","templated":true}]}}