{"id":19468,"date":"2022-03-14T09:59:56","date_gmt":"2022-03-14T15:59:56","guid":{"rendered":"https:\/\/a3noticias.com.mx\/sandbox\/?p=19468"},"modified":"2022-03-14T09:59:57","modified_gmt":"2022-03-14T15:59:57","slug":"ante-incremento-en-el-costo-de-combustibles-coparmex-descarta-aumento-en-costos-de-produccion","status":"publish","type":"post","link":"https:\/\/a3noticias.com.mx\/sandbox\/2022\/03\/14\/ante-incremento-en-el-costo-de-combustibles-coparmex-descarta-aumento-en-costos-de-produccion\/","title":{"rendered":"Ante incremento en el costo de combustibles, Coparmex descarta aumento en costos de producci\u00f3n."},"content":{"rendered":"\n<p>Pese a que ha habido aumentos en los precios de la gasolina, el presidente de la Confederaci\u00f3n Patronal de la Rep\u00fablica Mexicana (Coparmex) en Quer\u00e9taro, Jorge Camacho, se\u00f1al\u00f3 que no existen motivos para aumentar los costos de los productos, sin embargo, hay algunos productos que s\u00ed podr\u00edan incrementar sus precios, especialmente los que son importados de Europa.&nbsp;<\/p>\n\n\n\n<blockquote class=\"wp-block-quote is-layout-flow wp-block-quote-is-layout-flow\"><p>\u201cNo deber\u00eda. No deber\u00eda para los productos que ya se producen en el pa\u00eds y se venden en el pa\u00eds, s\u00ed puede ser aquellos productos de importaci\u00f3n\u201d.<\/p><\/blockquote>\n\n\n\n<p>Se\u00f1al\u00f3 que algunas gasolineras han aumentado el precio de combustibles, sin embargo el gobierno federal tom\u00f3 la decisi\u00f3n de subsidiar dicho incremento para evitar la inflaci\u00f3n; aunque reconoci\u00f3 que dicha situaci\u00f3n no es soportable para las finanzas, tanto las de gobierno federal, como las de las empresas.&nbsp;<\/p>\n\n\n\n<blockquote class=\"wp-block-quote is-layout-flow wp-block-quote-is-layout-flow\"><p>\u201cEl gobierno est\u00e1 aguantando, est\u00e1 subsidiando, las empresas est\u00e1n aguantando tambi\u00e9n porque no les conviene alzar precios y es un tema de competitividad\u201d.<\/p><\/blockquote>\n","protected":false},"excerpt":{"rendered":"<p>Pese a que ha habido aumentos en los precios de la gasolina, el presidente de la Confederaci\u00f3n Patronal de la Rep\u00fablica Mexicana (Coparmex) en Quer\u00e9taro, Jorge Camacho, se\u00f1al\u00f3 que no &hellip; <a href=\"https:\/\/a3noticias.com.mx\/sandbox\/2022\/03\/14\/ante-incremento-en-el-costo-de-combustibles-coparmex-descarta-aumento-en-costos-de-produccion\/\" class=\"more-link\">Leer m\u00e1s<\/a><\/p>\n","protected":false},"author":2,"featured_media":18661,"comment_status":"open","ping_status":"open","sticky":false,"template":"","format":"standard","meta":{"_monsterinsights_skip_tracking":false,"_monsterinsights_sitenote_active":false,"_monsterinsights_sitenote_note":"","_monsterinsights_sitenote_category":0,"footnotes":""},"categories":[2],"tags":[],"class_list":["post-19468","post","type-post","status-publish","format-standard","has-post-thumbnail","hentry","category-qro","entry"],"aioseo_notices":[],"_links":{"self":[{"href":"https:\/\/a3noticias.com.mx\/sandbox\/wp-json\/wp\/v2\/posts\/19468","targetHints":{"allow":["GET"]}}],"collection":[{"href":"https:\/\/a3noticias.com.mx\/sandbox\/wp-json\/wp\/v2\/posts"}],"about":[{"href":"https:\/\/a3noticias.com.mx\/sandbox\/wp-json\/wp\/v2\/types\/post"}],"author":[{"embeddable":true,"href":"https:\/\/a3noticias.com.mx\/sandbox\/wp-json\/wp\/v2\/users\/2"}],"replies":[{"embeddable":true,"href":"https:\/\/a3noticias.com.mx\/sandbox\/wp-json\/wp\/v2\/comments?post=19468"}],"version-history":[{"count":1,"href":"https:\/\/a3noticias.com.mx\/sandbox\/wp-json\/wp\/v2\/posts\/19468\/revisions"}],"predecessor-version":[{"id":19469,"href":"https:\/\/a3noticias.com.mx\/sandbox\/wp-json\/wp\/v2\/posts\/19468\/revisions\/19469"}],"wp:featuredmedia":[{"embeddable":true,"href":"https:\/\/a3noticias.com.mx\/sandbox\/wp-json\/wp\/v2\/media\/18661"}],"wp:attachment":[{"href":"https:\/\/a3noticias.com.mx\/sandbox\/wp-json\/wp\/v2\/media?parent=19468"}],"wp:term":[{"taxonomy":"category","embeddable":true,"href":"https:\/\/a3noticias.com.mx\/sandbox\/wp-json\/wp\/v2\/categories?post=19468"},{"taxonomy":"post_tag","embeddable":true,"href":"https:\/\/a3noticias.com.mx\/sandbox\/wp-json\/wp\/v2\/tags?post=19468"}],"curies":[{"name":"wp","href":"https:\/\/api.w.org\/{rel}","templated":true}]}}