{"id":19470,"date":"2022-03-14T10:11:59","date_gmt":"2022-03-14T16:11:59","guid":{"rendered":"https:\/\/a3noticias.com.mx\/sandbox\/?p=19470"},"modified":"2022-03-14T10:12:00","modified_gmt":"2022-03-14T16:12:00","slug":"uaq-regresa-a-clases-presenciales-con-aforos-del-100-y-el-50-por-ciento","status":"publish","type":"post","link":"https:\/\/a3noticias.com.mx\/sandbox\/2022\/03\/14\/uaq-regresa-a-clases-presenciales-con-aforos-del-100-y-el-50-por-ciento\/","title":{"rendered":"UAQ regresa a clases presenciales con aforos del 100 y el 50 por ciento"},"content":{"rendered":"\n<p>A partir de este lunes 14 de marzo, la Universidad Aut\u00f3noma de Quer\u00e9taro (UAQ), incrementar\u00e1 los aforos para clases presenciales de acuerdo a las indicaciones de cada unidad acad\u00e9mica. En algunos de sus planteles se trabajar\u00e1 con aforos del cien por ciento, mientras que otros operar\u00e1n con el 50 por ciento de su alumnado.<\/p>\n\n\n\n<p>Los campus que reincoporar\u00e1n al cien por ciento de sus estudiantes son: Amealco, Amazcala, Arrollo seco, Cadereyta, Centro Hist\u00f3rico, Col\u00f3n, Corregidora, Jalpan de Serra, Pedro Escobedo, Pe\u00f1a Miller, Pinal de Amoles y Tequisquiapan, por contar con menor densidad estudiantil; mientras que los campus: Aeropuerto, Centro Universitario, Juriquilla, La Capilla, San Juan del Rio, as\u00ed como los bachilleratos Plantel Norte, Plantel Sur, Plantel Bicentenario y Plantel San Juan del R\u00edo, trabajar\u00e1n con el 50 por ciento de aforo por presentar alta densidad de alumnos.<\/p>\n\n\n\n<p>En este \u00faltimo caso, la UAQ inform\u00f3 que se trabajar\u00e1 ya sea de manera presencial con grupos completos alternados por semana, o bien, con todos lo grupos al 50 por ciento en modalidad h\u00edbrida. Esto ser\u00e1 decidido por cada unidad acad\u00e9mica.<\/p>\n\n\n\n<p>Asimismo, inform\u00f3 que todas las actividades extracurriculares deber\u00e1n ser aprobadas por los comit\u00e9s de cada unidad acad\u00e9mica. En tanto que los eventos de alto aforo deber\u00e1n contar con el visto bueno del Comit\u00e9 Universitario de Seguridad Sanitaria.<\/p>\n\n\n\n<p>Por \u00faltimo, la Instituci\u00f3n inform\u00f3 que cualquier cambio a estas disposiciones ser\u00e1 comunicada a trav\u00e9s de los medios oficiales.<\/p>\n\n\n\n<div class=\"wp-block-image\"><figure class=\"aligncenter size-large is-resized\"><img loading=\"lazy\" decoding=\"async\" src=\"https:\/\/a3noticias.com.mx\/sandbox\/wp-content\/uploads\/2022\/03\/UAQ-116x90.jpeg\" alt=\"\" class=\"wp-image-19471\" width=\"540\" height=\"419\" srcset=\"https:\/\/a3noticias.com.mx\/sandbox\/wp-content\/uploads\/2022\/03\/UAQ-116x90.jpeg 116w, https:\/\/a3noticias.com.mx\/sandbox\/wp-content\/uploads\/2022\/03\/UAQ-300x232.jpeg 300w\" sizes=\"auto, (max-width: 540px) 100vw, 540px\" \/><\/figure><\/div>\n","protected":false},"excerpt":{"rendered":"<p>A partir de este lunes 14 de marzo, la Universidad Aut\u00f3noma de Quer\u00e9taro (UAQ), incrementar\u00e1 los aforos para clases presenciales de acuerdo a las indicaciones de cada unidad acad\u00e9mica. En &hellip; <a href=\"https:\/\/a3noticias.com.mx\/sandbox\/2022\/03\/14\/uaq-regresa-a-clases-presenciales-con-aforos-del-100-y-el-50-por-ciento\/\" class=\"more-link\">Leer m\u00e1s<\/a><\/p>\n","protected":false},"author":4,"featured_media":19472,"comment_status":"open","ping_status":"open","sticky":false,"template":"","format":"standard","meta":{"_monsterinsights_skip_tracking":false,"_monsterinsights_sitenote_active":false,"_monsterinsights_sitenote_note":"","_monsterinsights_sitenote_category":0,"footnotes":""},"categories":[2],"tags":[],"class_list":["post-19470","post","type-post","status-publish","format-standard","has-post-thumbnail","hentry","category-qro","entry"],"aioseo_notices":[],"_links":{"self":[{"href":"https:\/\/a3noticias.com.mx\/sandbox\/wp-json\/wp\/v2\/posts\/19470","targetHints":{"allow":["GET"]}}],"collection":[{"href":"https:\/\/a3noticias.com.mx\/sandbox\/wp-json\/wp\/v2\/posts"}],"about":[{"href":"https:\/\/a3noticias.com.mx\/sandbox\/wp-json\/wp\/v2\/types\/post"}],"author":[{"embeddable":true,"href":"https:\/\/a3noticias.com.mx\/sandbox\/wp-json\/wp\/v2\/users\/4"}],"replies":[{"embeddable":true,"href":"https:\/\/a3noticias.com.mx\/sandbox\/wp-json\/wp\/v2\/comments?post=19470"}],"version-history":[{"count":1,"href":"https:\/\/a3noticias.com.mx\/sandbox\/wp-json\/wp\/v2\/posts\/19470\/revisions"}],"predecessor-version":[{"id":19473,"href":"https:\/\/a3noticias.com.mx\/sandbox\/wp-json\/wp\/v2\/posts\/19470\/revisions\/19473"}],"wp:featuredmedia":[{"embeddable":true,"href":"https:\/\/a3noticias.com.mx\/sandbox\/wp-json\/wp\/v2\/media\/19472"}],"wp:attachment":[{"href":"https:\/\/a3noticias.com.mx\/sandbox\/wp-json\/wp\/v2\/media?parent=19470"}],"wp:term":[{"taxonomy":"category","embeddable":true,"href":"https:\/\/a3noticias.com.mx\/sandbox\/wp-json\/wp\/v2\/categories?post=19470"},{"taxonomy":"post_tag","embeddable":true,"href":"https:\/\/a3noticias.com.mx\/sandbox\/wp-json\/wp\/v2\/tags?post=19470"}],"curies":[{"name":"wp","href":"https:\/\/api.w.org\/{rel}","templated":true}]}}