{"id":19474,"date":"2022-03-14T10:27:29","date_gmt":"2022-03-14T16:27:29","guid":{"rendered":"https:\/\/a3noticias.com.mx\/sandbox\/?p=19474"},"modified":"2022-03-14T10:27:30","modified_gmt":"2022-03-14T16:27:30","slug":"municipio-de-queretaro-retira-apoyo-a-trovafest","status":"publish","type":"post","link":"https:\/\/a3noticias.com.mx\/sandbox\/2022\/03\/14\/municipio-de-queretaro-retira-apoyo-a-trovafest\/","title":{"rendered":"Municipio de Quer\u00e9taro retira apoyo a Trovafest."},"content":{"rendered":"\n<p>El presidente municipal de Quer\u00e9taro, Luis Bernardo Nava,&nbsp; se\u00f1al\u00f3 que su gobierno no apoyar\u00e1 la marca Trovafest hasta que no esclarecerse las acusaciones de acoso sexual a menores, contra el trovador Edgar Oceransky, fundador de este festival.<\/p>\n\n\n\n<blockquote class=\"wp-block-quote is-layout-flow wp-block-quote-is-layout-flow\"><p>\u00abLa cultura, la trova, la danza y expresiones art\u00edsticas continuar\u00e1n en Quer\u00e9taro. Ese es el compromiso. En tanto se deslindan responsabilidades, no se apoyar\u00e1 m\u00e1s a la marca Trova-Fest. Somos un gobierno que garantiza el respeto a las mujeres y las y los menores de edad\u00bb.<\/p><\/blockquote>\n\n\n\n<p>En d\u00edas anteriores, el Municipio de Quer\u00e9taro, inform\u00f3 la suspensi\u00f3n del concierto de Edgar Oceransky, el cual se encontraba agendado para el pasado s\u00e1bado, en celebraci\u00f3n a sus 20 a\u00f1os de carrera, en el auditorio Josefa Ortiz de Dom\u00ednguez.<\/p>\n\n\n\n<blockquote class=\"wp-block-quote is-layout-flow wp-block-quote-is-layout-flow\"><p>\u00abDebido a que no cuenta con todos los requisitos, as\u00ed como en solidaridad con las mujeres y con las ni\u00f1as, ni\u00f1os y adolescentes que pudieron haberse sentido ofendidos y\/o molestos por las acusaciones que surgieron en contra de quien encabezar\u00eda dicho espect\u00e1culo\u00bb.<\/p><\/blockquote>\n\n\n\n<p>Durante la semana pasada se difundi\u00f3 un audio de hace 10 a\u00f1os, en donde el m\u00fasico, Edgar Oceransky, presuntamente confiesa que le gustan las menores de edad, el clip es durante uno de sus shows, donde antes de cantar \u201cLa recuerdo as\u00ed\u201d, el artista cuenta la historia detr\u00e1s la canci\u00f3n en la que narra su relaci\u00f3n con una adolescente de 15 a\u00f1os.<\/p>\n\n\n\n<blockquote class=\"wp-block-quote is-layout-flow wp-block-quote-is-layout-flow\"><p>\u201cEs mejor ir al bote por una chavita que por el alcohol\u00edmetro\u201d<\/p><\/blockquote>\n\n\n\n<p>La denuncia se extendi\u00f3 r\u00e1pidamente en redes sociales, causando una seria pol\u00e9mica que trajo consecuencias para el cantante, como la suspensi\u00f3n de sus conciertos en el Auditorio Josefa Ort\u00edz de Dom\u00ednguez en Quer\u00e9taro, el Teatro Diana en Guadalajara y el Auditorio Nacional en la Ciudad de M\u00e9xico.<\/p>\n","protected":false},"excerpt":{"rendered":"<p>El presidente municipal de Quer\u00e9taro, Luis Bernardo Nava,&nbsp; se\u00f1al\u00f3 que su gobierno no apoyar\u00e1 la marca Trovafest hasta que no esclarecerse las acusaciones de acoso sexual a menores, contra el &hellip; <a href=\"https:\/\/a3noticias.com.mx\/sandbox\/2022\/03\/14\/municipio-de-queretaro-retira-apoyo-a-trovafest\/\" class=\"more-link\">Leer m\u00e1s<\/a><\/p>\n","protected":false},"author":2,"featured_media":19475,"comment_status":"open","ping_status":"open","sticky":false,"template":"","format":"standard","meta":{"_monsterinsights_skip_tracking":false,"_monsterinsights_sitenote_active":false,"_monsterinsights_sitenote_note":"","_monsterinsights_sitenote_category":0,"footnotes":""},"categories":[2],"tags":[],"class_list":["post-19474","post","type-post","status-publish","format-standard","has-post-thumbnail","hentry","category-qro","entry"],"aioseo_notices":[],"_links":{"self":[{"href":"https:\/\/a3noticias.com.mx\/sandbox\/wp-json\/wp\/v2\/posts\/19474","targetHints":{"allow":["GET"]}}],"collection":[{"href":"https:\/\/a3noticias.com.mx\/sandbox\/wp-json\/wp\/v2\/posts"}],"about":[{"href":"https:\/\/a3noticias.com.mx\/sandbox\/wp-json\/wp\/v2\/types\/post"}],"author":[{"embeddable":true,"href":"https:\/\/a3noticias.com.mx\/sandbox\/wp-json\/wp\/v2\/users\/2"}],"replies":[{"embeddable":true,"href":"https:\/\/a3noticias.com.mx\/sandbox\/wp-json\/wp\/v2\/comments?post=19474"}],"version-history":[{"count":1,"href":"https:\/\/a3noticias.com.mx\/sandbox\/wp-json\/wp\/v2\/posts\/19474\/revisions"}],"predecessor-version":[{"id":19476,"href":"https:\/\/a3noticias.com.mx\/sandbox\/wp-json\/wp\/v2\/posts\/19474\/revisions\/19476"}],"wp:featuredmedia":[{"embeddable":true,"href":"https:\/\/a3noticias.com.mx\/sandbox\/wp-json\/wp\/v2\/media\/19475"}],"wp:attachment":[{"href":"https:\/\/a3noticias.com.mx\/sandbox\/wp-json\/wp\/v2\/media?parent=19474"}],"wp:term":[{"taxonomy":"category","embeddable":true,"href":"https:\/\/a3noticias.com.mx\/sandbox\/wp-json\/wp\/v2\/categories?post=19474"},{"taxonomy":"post_tag","embeddable":true,"href":"https:\/\/a3noticias.com.mx\/sandbox\/wp-json\/wp\/v2\/tags?post=19474"}],"curies":[{"name":"wp","href":"https:\/\/api.w.org\/{rel}","templated":true}]}}