{"id":19478,"date":"2022-03-14T10:44:01","date_gmt":"2022-03-14T16:44:01","guid":{"rendered":"https:\/\/a3noticias.com.mx\/sandbox\/?p=19478"},"modified":"2022-03-14T10:44:02","modified_gmt":"2022-03-14T16:44:02","slug":"alta-comisionada-de-la-onu-asegura-que-funcionarios-tienen-que-ver-con-clima-de-miedo-en-que-trabajan-los-periodistas","status":"publish","type":"post","link":"https:\/\/a3noticias.com.mx\/sandbox\/2022\/03\/14\/alta-comisionada-de-la-onu-asegura-que-funcionarios-tienen-que-ver-con-clima-de-miedo-en-que-trabajan-los-periodistas\/","title":{"rendered":"Alta comisionada de la ONU asegura que funcionarios tienen que ver con clima de miedo en que trabajan los periodistas."},"content":{"rendered":"\n<p>Michelle Barchelet, Alta Comisionada de la Organizaci\u00f3n de las Naciones Unidas (ONU), refiri\u00f3 que en muchas ocasiones los funcionarios han contribuido al clima de miedo en que trabajan los periodistas, al denigrar su trabajo.<\/p>\n\n\n\n<p>Fue durante la 49 sesi\u00f3n del Consejo de Derechos Humanos de la ONU,&nbsp;llevada a cabo el pasado 8 de marzo en Ginebra, Suiza, donde la alta comisionada hizo un llamado a todos los gobiernos a fortalecer acciones de protecci\u00f3n a los periodistas, as\u00ed como hacer v\u00e1lida la rendici\u00f3n de cuentas por delitos cometidos contra este sector.<\/p>\n\n\n\n<p>Durante la sesi\u00f3n, Barchelet, recrimin\u00f3 la impunidad que existe alrededor de los cr\u00edmenes cometidos contra \u00e9stos y calific\u00f3 de \u201calarmantes\u201d los niveles de violencia a los que se enfrentan los periodistas en M\u00e9xico, afirm\u00f3 que aquellos que cubren notas sobre pol\u00edtica, crimen y corrupci\u00f3n ponen en riesgo su vida.<\/p>\n\n\n\n<blockquote class=\"wp-block-quote is-layout-flow wp-block-quote-is-layout-flow\"><p>\u201cLos reporteros que trabajan sobre pol\u00edtica local, corrupci\u00f3n y crimen enfrentan mayores riesgos de ataques. Desafortunadamente, en ocasiones funcionarios han contribuido al clima de miedo en el que trabajan al denigrar a los periodistas y la relevancia de su trabajo de investigaci\u00f3n\u201d, subray\u00f3 Bachelet.<\/p><\/blockquote>\n\n\n\n<p>La alta comisionada se\u00f1al\u00f3 las obligaciones legales que han aceptado los Estados, para promover los derechos a la libertad de expresi\u00f3n, incluidas las opiniones que puedan llegar a ser cr\u00edticas para con las autoridades.<\/p>\n\n\n\n<blockquote class=\"wp-block-quote is-layout-flow wp-block-quote-is-layout-flow\"><p>\u201cEl trabajo leg\u00edtimo de los periodistas merece fomento, protecci\u00f3n y seguimiento, no censura y estigmatizaci\u00f3n\u201d, apunt\u00f3.<\/p><\/blockquote>\n","protected":false},"excerpt":{"rendered":"<p>Michelle Barchelet, Alta Comisionada de la Organizaci\u00f3n de las Naciones Unidas (ONU), refiri\u00f3 que en muchas ocasiones los funcionarios han contribuido al clima de miedo en que trabajan los periodistas, &hellip; <a href=\"https:\/\/a3noticias.com.mx\/sandbox\/2022\/03\/14\/alta-comisionada-de-la-onu-asegura-que-funcionarios-tienen-que-ver-con-clima-de-miedo-en-que-trabajan-los-periodistas\/\" class=\"more-link\">Leer m\u00e1s<\/a><\/p>\n","protected":false},"author":4,"featured_media":19481,"comment_status":"open","ping_status":"open","sticky":false,"template":"","format":"standard","meta":{"_monsterinsights_skip_tracking":false,"_monsterinsights_sitenote_active":false,"_monsterinsights_sitenote_note":"","_monsterinsights_sitenote_category":0,"footnotes":""},"categories":[4],"tags":[],"class_list":["post-19478","post","type-post","status-publish","format-standard","has-post-thumbnail","hentry","category-inter","entry"],"aioseo_notices":[],"_links":{"self":[{"href":"https:\/\/a3noticias.com.mx\/sandbox\/wp-json\/wp\/v2\/posts\/19478","targetHints":{"allow":["GET"]}}],"collection":[{"href":"https:\/\/a3noticias.com.mx\/sandbox\/wp-json\/wp\/v2\/posts"}],"about":[{"href":"https:\/\/a3noticias.com.mx\/sandbox\/wp-json\/wp\/v2\/types\/post"}],"author":[{"embeddable":true,"href":"https:\/\/a3noticias.com.mx\/sandbox\/wp-json\/wp\/v2\/users\/4"}],"replies":[{"embeddable":true,"href":"https:\/\/a3noticias.com.mx\/sandbox\/wp-json\/wp\/v2\/comments?post=19478"}],"version-history":[{"count":1,"href":"https:\/\/a3noticias.com.mx\/sandbox\/wp-json\/wp\/v2\/posts\/19478\/revisions"}],"predecessor-version":[{"id":19482,"href":"https:\/\/a3noticias.com.mx\/sandbox\/wp-json\/wp\/v2\/posts\/19478\/revisions\/19482"}],"wp:featuredmedia":[{"embeddable":true,"href":"https:\/\/a3noticias.com.mx\/sandbox\/wp-json\/wp\/v2\/media\/19481"}],"wp:attachment":[{"href":"https:\/\/a3noticias.com.mx\/sandbox\/wp-json\/wp\/v2\/media?parent=19478"}],"wp:term":[{"taxonomy":"category","embeddable":true,"href":"https:\/\/a3noticias.com.mx\/sandbox\/wp-json\/wp\/v2\/categories?post=19478"},{"taxonomy":"post_tag","embeddable":true,"href":"https:\/\/a3noticias.com.mx\/sandbox\/wp-json\/wp\/v2\/tags?post=19478"}],"curies":[{"name":"wp","href":"https:\/\/api.w.org\/{rel}","templated":true}]}}