{"id":19487,"date":"2022-03-15T10:17:14","date_gmt":"2022-03-15T16:17:14","guid":{"rendered":"https:\/\/a3noticias.com.mx\/sandbox\/?p=19487"},"modified":"2022-03-15T10:17:14","modified_gmt":"2022-03-15T16:17:14","slug":"balaceras-en-nuevo-laredo-fueron-por-detencion-de-lider-del-cartel-de-noreste","status":"publish","type":"post","link":"https:\/\/a3noticias.com.mx\/sandbox\/2022\/03\/15\/balaceras-en-nuevo-laredo-fueron-por-detencion-de-lider-del-cartel-de-noreste\/","title":{"rendered":"Balaceras en Nuevo Laredo fueron por detenci\u00f3n de l\u00edder del cartel de noreste"},"content":{"rendered":"\n<p>La Secretar\u00eda de la Defensa Nacional (Sedena), inform\u00f3 a trav\u00e9s de un comunicado que los hechos ocurridos este lunes en Nuevo Laredo, Tamaulipas, se suscitaron debido a la detenci\u00f3n del l\u00edder de la organizaci\u00f3n criminal del C\u00e1rtel del noreste y del grupo de sicarios Tropas del Infierno, Juan Gerardo \u201cN\u201d&nbsp;, alias<strong> \u201cEl Huevo\u201d<\/strong>.<\/p>\n\n\n\n<p>La Sedena inform\u00f3 que su captura fue posible gracias a un trabajo en coordinaci\u00f3n entre la Secretar\u00eda de la Defensa Nacional, la Fiscal\u00eda General de la Rep\u00fablica, el Centro Nacional de Inteligencia y la Guardia Nacional,&nbsp;durante un operativo llevado a cabo con el fin de detectar organizaciones criminales con presencia en el pa\u00eds, donde el personal militar realizaba reconocimientos terrestres en la colonia Hidalgo de Nuevo Laredo, Tamaulipas.<\/p>\n\n\n\n<p>Derivado de este operativo, miembros de la delincuencia organizada lanzaron ataques contra el personal militar, lo que desat\u00f3 las terribles balaceras ocurridas este lunes en dicha ciudad.<\/p>\n\n\n\n<p>Fue entonces cuando se logr\u00f3 identificar entre los presuntos agresores a <strong>\u201cEl Huevo\u201d, <\/strong>quien portabados armas de fuego de uso exclusivo del Ej\u00e9rcito y Fuerza A\u00e9rea Mexicanos.<\/p>\n\n\n\n<p>De acuerdo con lo informado por la Sedena, el imputado contaba con tres \u00f3rdenes de aprehensi\u00f3n: una en el estado de Tamaulipas por extorsi\u00f3n y asociaci\u00f3n delictuosa,&nbsp; otra en el estado de Coahuila por homicidio doloso y terrorismo; y&nbsp;una m\u00e1s con fines de extradici\u00f3n por conspiraci\u00f3n por tr\u00e1fico de drogas y lavado de dinero.<\/p>\n\n\n\n<p>Adem\u00e1s de esto, se dice que lidera al grupo de sicarios \u201cTropas del Infierno\u201d, como herederos de los procedimientos violentos del grupo de los Zetas, quienes han generado violencia en cinco estados del pa\u00eds y en la regi\u00f3n de la frontera chica de Tamaulipas.<\/p>\n\n\n\n<p>Finalmente, se inform\u00f3 que el detenido fue trasladado a las instalaciones de la Fiscalia Especializada en Materia de Delincuencia Organizada (FEMDO), donde ser\u00e1 puesto a disposici\u00f3n del Agente del Ministerio P\u00fablico Federal, quien determinar\u00e1 su situaci\u00f3n jur\u00eddica.<\/p>\n\n\n\n<p><\/p>\n","protected":false},"excerpt":{"rendered":"<p>La Secretar\u00eda de la Defensa Nacional (Sedena), inform\u00f3 a trav\u00e9s de un comunicado que los hechos ocurridos este lunes en Nuevo Laredo, Tamaulipas, se suscitaron debido a la detenci\u00f3n del &hellip; <a href=\"https:\/\/a3noticias.com.mx\/sandbox\/2022\/03\/15\/balaceras-en-nuevo-laredo-fueron-por-detencion-de-lider-del-cartel-de-noreste\/\" class=\"more-link\">Leer m\u00e1s<\/a><\/p>\n","protected":false},"author":4,"featured_media":19488,"comment_status":"open","ping_status":"open","sticky":false,"template":"","format":"standard","meta":{"_monsterinsights_skip_tracking":false,"_monsterinsights_sitenote_active":false,"_monsterinsights_sitenote_note":"","_monsterinsights_sitenote_category":0,"footnotes":""},"categories":[3],"tags":[],"class_list":["post-19487","post","type-post","status-publish","format-standard","has-post-thumbnail","hentry","category-nal","entry"],"aioseo_notices":[],"_links":{"self":[{"href":"https:\/\/a3noticias.com.mx\/sandbox\/wp-json\/wp\/v2\/posts\/19487","targetHints":{"allow":["GET"]}}],"collection":[{"href":"https:\/\/a3noticias.com.mx\/sandbox\/wp-json\/wp\/v2\/posts"}],"about":[{"href":"https:\/\/a3noticias.com.mx\/sandbox\/wp-json\/wp\/v2\/types\/post"}],"author":[{"embeddable":true,"href":"https:\/\/a3noticias.com.mx\/sandbox\/wp-json\/wp\/v2\/users\/4"}],"replies":[{"embeddable":true,"href":"https:\/\/a3noticias.com.mx\/sandbox\/wp-json\/wp\/v2\/comments?post=19487"}],"version-history":[{"count":1,"href":"https:\/\/a3noticias.com.mx\/sandbox\/wp-json\/wp\/v2\/posts\/19487\/revisions"}],"predecessor-version":[{"id":19489,"href":"https:\/\/a3noticias.com.mx\/sandbox\/wp-json\/wp\/v2\/posts\/19487\/revisions\/19489"}],"wp:featuredmedia":[{"embeddable":true,"href":"https:\/\/a3noticias.com.mx\/sandbox\/wp-json\/wp\/v2\/media\/19488"}],"wp:attachment":[{"href":"https:\/\/a3noticias.com.mx\/sandbox\/wp-json\/wp\/v2\/media?parent=19487"}],"wp:term":[{"taxonomy":"category","embeddable":true,"href":"https:\/\/a3noticias.com.mx\/sandbox\/wp-json\/wp\/v2\/categories?post=19487"},{"taxonomy":"post_tag","embeddable":true,"href":"https:\/\/a3noticias.com.mx\/sandbox\/wp-json\/wp\/v2\/tags?post=19487"}],"curies":[{"name":"wp","href":"https:\/\/api.w.org\/{rel}","templated":true}]}}