{"id":19490,"date":"2022-03-15T11:33:53","date_gmt":"2022-03-15T17:33:53","guid":{"rendered":"https:\/\/a3noticias.com.mx\/sandbox\/?p=19490"},"modified":"2022-03-15T11:33:54","modified_gmt":"2022-03-15T17:33:54","slug":"buscan-que-gallos-se-queden-en-queretaro","status":"publish","type":"post","link":"https:\/\/a3noticias.com.mx\/sandbox\/2022\/03\/15\/buscan-que-gallos-se-queden-en-queretaro\/","title":{"rendered":"Buscan que \u201cGallos\u201d se queden en Quer\u00e9taro"},"content":{"rendered":"\n<p>Luego de que la Federaci\u00f3n Mexicana de Futbol impusiera como una de las sanciones a los Gallos de Quer\u00e9taro que la franquicia deber\u00e1 ser vendida, tras los hechos ocurridos el pasado 5 de marzo en el estadio Corregidora, la titular de la Secretar\u00eda General de Gobierno (Segob), Lupita Murgu\u00eda Guti\u00e9rrez,&nbsp;refiri\u00f3 que se buscar\u00e1 que el equipo se quede en Quer\u00e9taro.<\/p>\n\n\n\n<p>Murgu\u00eda Guti\u00e9rrez&nbsp;indic\u00f3 que el objetivo del gobierno estatal es buscar la permanencia de los \u201cGallos\u201d en la entidad, pues el tener un equipo de primera divisi\u00f3n fomenta el deporte y la afici\u00f3n verdadera, es decir las familias que acuden al estadio a disfrutar tranquilamente.<\/p>\n\n\n\n<blockquote class=\"wp-block-quote is-layout-flow wp-block-quote-is-layout-flow\"><p>\u201cEstamos buscando, y esto es lo m\u00e1s importante, que Gallos Blancos pudiera quedar en Quer\u00e9taro como equipo de primera divisi\u00f3n\u201d, apunt\u00f3.<\/p><\/blockquote>\n\n\n\n<p>Por su parte, el gobernador del Estado, Mauricio Kuri, se\u00f1al\u00f3 que conf\u00eda en que sean empresarios queretanos quienes adquieran el club.<\/p>\n\n\n\n<p>Asimismo, asever\u00f3 que la escuadra queretana a\u00fan cuenta con el apoyo del gobierno estatal, por lo que a pesar de que tendr\u00e1 que jugar a puerta cerrada durante un a\u00f1o, el estadio Corregidora seguir\u00e1 \u201cprest\u00e1ndose\u201d al equipo.<\/p>\n\n\n\n<blockquote class=\"wp-block-quote is-layout-flow wp-block-quote-is-layout-flow\"><p>\u201cPor supuesto que sigue en pr\u00e9stamo al equipo. El equipo tiene todav\u00eda todo el apoyo del gobierno del estado, aunque por supuesto tiene un veto muy fuerte, un veto para las barras que nos hicieron quedar muy mal, un a\u00f1o sin tener p\u00fablico y pues los van a tener que vender (Gallos Blancos)\u201d dijo.<\/p><\/blockquote>\n\n\n\n<p>Finalmente, la titular de la Segob, Lupita Murgu\u00eda, inform\u00f3 que hasta el momento, no se ha determinado ninguna responsabilidad, ni se ha fincado alg\u00fan tipo de responsabilidad por presuntos delitos cometidos de servidores p\u00fablicos, para con el titular de la Secretar\u00eda de Seguridad Ciudadana (SSC), Miguel \u00c1ngel Contreras,&nbsp; y el titular de la Coordinaci\u00f3n Estatal de Protecci\u00f3n Civil de Quer\u00e9taro (CEPCQ), Carlos Rodr\u00edguez, por lo ocurrido en el Corregidora en el partido Quer\u00e9taro vs Atlas.<\/p>\n","protected":false},"excerpt":{"rendered":"<p>Luego de que la Federaci\u00f3n Mexicana de Futbol impusiera como una de las sanciones a los Gallos de Quer\u00e9taro que la franquicia deber\u00e1 ser vendida, tras los hechos ocurridos el &hellip; <a href=\"https:\/\/a3noticias.com.mx\/sandbox\/2022\/03\/15\/buscan-que-gallos-se-queden-en-queretaro\/\" class=\"more-link\">Leer m\u00e1s<\/a><\/p>\n","protected":false},"author":4,"featured_media":19491,"comment_status":"open","ping_status":"open","sticky":false,"template":"","format":"standard","meta":{"_monsterinsights_skip_tracking":false,"_monsterinsights_sitenote_active":false,"_monsterinsights_sitenote_note":"","_monsterinsights_sitenote_category":0,"footnotes":""},"categories":[2],"tags":[],"class_list":["post-19490","post","type-post","status-publish","format-standard","has-post-thumbnail","hentry","category-qro","entry"],"aioseo_notices":[],"_links":{"self":[{"href":"https:\/\/a3noticias.com.mx\/sandbox\/wp-json\/wp\/v2\/posts\/19490","targetHints":{"allow":["GET"]}}],"collection":[{"href":"https:\/\/a3noticias.com.mx\/sandbox\/wp-json\/wp\/v2\/posts"}],"about":[{"href":"https:\/\/a3noticias.com.mx\/sandbox\/wp-json\/wp\/v2\/types\/post"}],"author":[{"embeddable":true,"href":"https:\/\/a3noticias.com.mx\/sandbox\/wp-json\/wp\/v2\/users\/4"}],"replies":[{"embeddable":true,"href":"https:\/\/a3noticias.com.mx\/sandbox\/wp-json\/wp\/v2\/comments?post=19490"}],"version-history":[{"count":1,"href":"https:\/\/a3noticias.com.mx\/sandbox\/wp-json\/wp\/v2\/posts\/19490\/revisions"}],"predecessor-version":[{"id":19492,"href":"https:\/\/a3noticias.com.mx\/sandbox\/wp-json\/wp\/v2\/posts\/19490\/revisions\/19492"}],"wp:featuredmedia":[{"embeddable":true,"href":"https:\/\/a3noticias.com.mx\/sandbox\/wp-json\/wp\/v2\/media\/19491"}],"wp:attachment":[{"href":"https:\/\/a3noticias.com.mx\/sandbox\/wp-json\/wp\/v2\/media?parent=19490"}],"wp:term":[{"taxonomy":"category","embeddable":true,"href":"https:\/\/a3noticias.com.mx\/sandbox\/wp-json\/wp\/v2\/categories?post=19490"},{"taxonomy":"post_tag","embeddable":true,"href":"https:\/\/a3noticias.com.mx\/sandbox\/wp-json\/wp\/v2\/tags?post=19490"}],"curies":[{"name":"wp","href":"https:\/\/api.w.org\/{rel}","templated":true}]}}