{"id":19493,"date":"2022-03-15T12:11:49","date_gmt":"2022-03-15T18:11:49","guid":{"rendered":"https:\/\/a3noticias.com.mx\/sandbox\/?p=19493"},"modified":"2022-03-15T12:11:50","modified_gmt":"2022-03-15T18:11:50","slug":"municipio-de-queretaro-recibe-a-alcaldes-de-la-red-internacional-de-ciudad-michelin","status":"publish","type":"post","link":"https:\/\/a3noticias.com.mx\/sandbox\/2022\/03\/15\/municipio-de-queretaro-recibe-a-alcaldes-de-la-red-internacional-de-ciudad-michelin\/","title":{"rendered":"Municipio de Quer\u00e9taro recibe a alcaldes de la Red Internacional de Ciudad Michelin."},"content":{"rendered":"\n<p>El Municipio de Quer\u00e9taro recibi\u00f3 y dio la bienvenida a los alcaldes de los cuatro municipios de pa\u00edses que pertenecen a la Red Internacional de Ciudad Michelin, quienes llevar\u00e1n a cabo reuniones del 15 al 17 de marzo para compartir las mejores pr\u00e1cticas en materia de planeaci\u00f3n, reactivaci\u00f3n econ\u00f3mica, sostenibilidad y movilidad urbana.<\/p>\n\n\n\n<p>De acuerdo con \u200b\u200bH\u00e9l\u00e8ne Lucchesi, Coordinadora de la Red de Ciudades Michelin, se trata del primer encuentro desde que inici\u00f3 la pandemia y \u00e9ste ser\u00e1 sede para que las ciudades trabajen juntas en la reactivaci\u00f3n econ\u00f3mica.&nbsp;<\/p>\n\n\n\n<blockquote class=\"wp-block-quote is-layout-flow wp-block-quote-is-layout-flow\"><p>\u201cQuer\u00e9taro ha sido seleccionada porque es una ciudad que tiene una riqueza a nivel de cultura muy importante, tiene una historia tambi\u00e9n que nos gusta much\u00edsimo y tambi\u00e9n un dinamismo econ\u00f3mico-industrial que interesaba las ciudades\u201d<\/p><\/blockquote>\n\n\n\n<p>La Red&nbsp; Internacional de Ciudades Michelin, a la que pertenece el municipio de Quer\u00e9taro, est\u00e1 conformada por 33 ciudades de 17 pa\u00edses, de los cuales en esta ocasi\u00f3n estar\u00e1n participando de: Espa\u00f1a, Estados Unidos, Francia y Portugal; y ciudades como: Victoria-Gasteiz, Aranda de Duero, Valladolid, Norman, Clermont-Ferrand y Braga.<\/p>\n","protected":false},"excerpt":{"rendered":"<p>El Municipio de Quer\u00e9taro recibi\u00f3 y dio la bienvenida a los alcaldes de los cuatro municipios de pa\u00edses que pertenecen a la Red Internacional de Ciudad Michelin, quienes llevar\u00e1n a &hellip; <a href=\"https:\/\/a3noticias.com.mx\/sandbox\/2022\/03\/15\/municipio-de-queretaro-recibe-a-alcaldes-de-la-red-internacional-de-ciudad-michelin\/\" class=\"more-link\">Leer m\u00e1s<\/a><\/p>\n","protected":false},"author":2,"featured_media":19497,"comment_status":"open","ping_status":"open","sticky":false,"template":"","format":"standard","meta":{"_monsterinsights_skip_tracking":false,"_monsterinsights_sitenote_active":false,"_monsterinsights_sitenote_note":"","_monsterinsights_sitenote_category":0,"footnotes":""},"categories":[2],"tags":[],"class_list":["post-19493","post","type-post","status-publish","format-standard","has-post-thumbnail","hentry","category-qro","entry"],"aioseo_notices":[],"_links":{"self":[{"href":"https:\/\/a3noticias.com.mx\/sandbox\/wp-json\/wp\/v2\/posts\/19493","targetHints":{"allow":["GET"]}}],"collection":[{"href":"https:\/\/a3noticias.com.mx\/sandbox\/wp-json\/wp\/v2\/posts"}],"about":[{"href":"https:\/\/a3noticias.com.mx\/sandbox\/wp-json\/wp\/v2\/types\/post"}],"author":[{"embeddable":true,"href":"https:\/\/a3noticias.com.mx\/sandbox\/wp-json\/wp\/v2\/users\/2"}],"replies":[{"embeddable":true,"href":"https:\/\/a3noticias.com.mx\/sandbox\/wp-json\/wp\/v2\/comments?post=19493"}],"version-history":[{"count":1,"href":"https:\/\/a3noticias.com.mx\/sandbox\/wp-json\/wp\/v2\/posts\/19493\/revisions"}],"predecessor-version":[{"id":19498,"href":"https:\/\/a3noticias.com.mx\/sandbox\/wp-json\/wp\/v2\/posts\/19493\/revisions\/19498"}],"wp:featuredmedia":[{"embeddable":true,"href":"https:\/\/a3noticias.com.mx\/sandbox\/wp-json\/wp\/v2\/media\/19497"}],"wp:attachment":[{"href":"https:\/\/a3noticias.com.mx\/sandbox\/wp-json\/wp\/v2\/media?parent=19493"}],"wp:term":[{"taxonomy":"category","embeddable":true,"href":"https:\/\/a3noticias.com.mx\/sandbox\/wp-json\/wp\/v2\/categories?post=19493"},{"taxonomy":"post_tag","embeddable":true,"href":"https:\/\/a3noticias.com.mx\/sandbox\/wp-json\/wp\/v2\/tags?post=19493"}],"curies":[{"name":"wp","href":"https:\/\/api.w.org\/{rel}","templated":true}]}}