{"id":19494,"date":"2022-03-15T12:11:00","date_gmt":"2022-03-15T18:11:00","guid":{"rendered":"https:\/\/a3noticias.com.mx\/sandbox\/?p=19494"},"modified":"2022-03-15T12:11:01","modified_gmt":"2022-03-15T18:11:01","slug":"solicitara-kuri-a-comite-tecnico-de-salud-se-retire-el-uso-obligatorio-de-cubrebocas-en-queretaro","status":"publish","type":"post","link":"https:\/\/a3noticias.com.mx\/sandbox\/2022\/03\/15\/solicitara-kuri-a-comite-tecnico-de-salud-se-retire-el-uso-obligatorio-de-cubrebocas-en-queretaro\/","title":{"rendered":"Solicitar\u00e1 Kuri a Comit\u00e9 T\u00e9cnico de Salud se retire el uso obligatorio de cubrebocas en Quer\u00e9taro"},"content":{"rendered":"\n<p>Luego de la baja en casos activos de Covid-19 registrados en la entidad y a nivel nacional, el Gobernador del Estado, Mauricio Kuri Gonz\u00e1lez, detall\u00f3 que solicitar\u00e1 al Comit\u00e9 T\u00e9cnico de Salud, se permita el retirar el uso obligatorio de cubrebocas en lugares p\u00fablicos.<\/p>\n\n\n\n<p>Se\u00f1al\u00f3 que la decisi\u00f3n final la tendr\u00e1n las autoridades correspondientes de acuerdo con los indicadores de Covid-19 existentes en el estado.<\/p>\n\n\n\n<p>Esto lo considera Kuri, pues de acuerdo con la disminuci\u00f3n de casos en el pa\u00eds, as\u00ed como con el avance en la vacunaci\u00f3n, la pandemia de Covid-19 \u201cya va de salida\u201d.<\/p>\n\n\n\n<p>El gobernador se\u00f1al\u00f3 que a partir de hoy se podr\u00eda pedir que se deje de usar cubrebocas en el estado, sin embargo, consider\u00f3 esto deber\u00e1 hacerse de manera gradual, primeramente en espacios p\u00fablicos y posteriormente en espacios cerrados.<\/p>\n\n\n\n<p>Reiter\u00f3 que al momento el 90 por ciento de la poblaci\u00f3n queretana ya se encuentra vacunada, lo que disminuye el riesgo de complicaciones en caso de contagio.<\/p>\n\n\n\n<p>Cabe destacar que el uso de cubrebocas en espacios p\u00fablicos es una medida que ya se ha retirado en algunos estados del pa\u00eds, como Nuevo Le\u00f3n y Coahuila.<\/p>\n","protected":false},"excerpt":{"rendered":"<p>Luego de la baja en casos activos de Covid-19 registrados en la entidad y a nivel nacional, el Gobernador del Estado, Mauricio Kuri Gonz\u00e1lez, detall\u00f3 que solicitar\u00e1 al Comit\u00e9 T\u00e9cnico &hellip; <a href=\"https:\/\/a3noticias.com.mx\/sandbox\/2022\/03\/15\/solicitara-kuri-a-comite-tecnico-de-salud-se-retire-el-uso-obligatorio-de-cubrebocas-en-queretaro\/\" class=\"more-link\">Leer m\u00e1s<\/a><\/p>\n","protected":false},"author":4,"featured_media":19495,"comment_status":"open","ping_status":"open","sticky":false,"template":"","format":"standard","meta":{"_monsterinsights_skip_tracking":false,"_monsterinsights_sitenote_active":false,"_monsterinsights_sitenote_note":"","_monsterinsights_sitenote_category":0,"footnotes":""},"categories":[2],"tags":[],"class_list":["post-19494","post","type-post","status-publish","format-standard","has-post-thumbnail","hentry","category-qro","entry"],"aioseo_notices":[],"_links":{"self":[{"href":"https:\/\/a3noticias.com.mx\/sandbox\/wp-json\/wp\/v2\/posts\/19494","targetHints":{"allow":["GET"]}}],"collection":[{"href":"https:\/\/a3noticias.com.mx\/sandbox\/wp-json\/wp\/v2\/posts"}],"about":[{"href":"https:\/\/a3noticias.com.mx\/sandbox\/wp-json\/wp\/v2\/types\/post"}],"author":[{"embeddable":true,"href":"https:\/\/a3noticias.com.mx\/sandbox\/wp-json\/wp\/v2\/users\/4"}],"replies":[{"embeddable":true,"href":"https:\/\/a3noticias.com.mx\/sandbox\/wp-json\/wp\/v2\/comments?post=19494"}],"version-history":[{"count":1,"href":"https:\/\/a3noticias.com.mx\/sandbox\/wp-json\/wp\/v2\/posts\/19494\/revisions"}],"predecessor-version":[{"id":19496,"href":"https:\/\/a3noticias.com.mx\/sandbox\/wp-json\/wp\/v2\/posts\/19494\/revisions\/19496"}],"wp:featuredmedia":[{"embeddable":true,"href":"https:\/\/a3noticias.com.mx\/sandbox\/wp-json\/wp\/v2\/media\/19495"}],"wp:attachment":[{"href":"https:\/\/a3noticias.com.mx\/sandbox\/wp-json\/wp\/v2\/media?parent=19494"}],"wp:term":[{"taxonomy":"category","embeddable":true,"href":"https:\/\/a3noticias.com.mx\/sandbox\/wp-json\/wp\/v2\/categories?post=19494"},{"taxonomy":"post_tag","embeddable":true,"href":"https:\/\/a3noticias.com.mx\/sandbox\/wp-json\/wp\/v2\/tags?post=19494"}],"curies":[{"name":"wp","href":"https:\/\/api.w.org\/{rel}","templated":true}]}}