{"id":19506,"date":"2022-03-16T09:03:46","date_gmt":"2022-03-16T15:03:46","guid":{"rendered":"https:\/\/a3noticias.com.mx\/sandbox\/?p=19506"},"modified":"2022-03-16T09:03:47","modified_gmt":"2022-03-16T15:03:47","slug":"queretaro-sumo-36-casos-y-tres-defunciones-por-covid-19","status":"publish","type":"post","link":"https:\/\/a3noticias.com.mx\/sandbox\/2022\/03\/16\/queretaro-sumo-36-casos-y-tres-defunciones-por-covid-19\/","title":{"rendered":"Quer\u00e9taro sum\u00f3 36 casos y tres defunciones por Covid-19"},"content":{"rendered":"\n<p>En Quer\u00e9taro, tres hombres -de 78, 84 y 87 a\u00f1os-, con diversas comorbilidades, que se encontraban hospitalizados, fallecieron a causa de COVID-19.<\/p>\n\n\n\n<p>En el estado se suman 36 casos de la enfermedad; se trata de 20 mujeres y 16 hombres. El registro acumulado es de 137 mil 131 casos; 52% son mujeres y 48% son hombres.<\/p>\n\n\n\n<p>Se dio de alta sanitaria a 43 pacientes, con lo que se tiene un registro de 130 mil 175 altas (94.92%).<\/p>\n\n\n\n<p>Con sintomatolog\u00eda leve, aislamiento y manejo en su domicilio hay 327 pacientes y 29 hospitalizados, 12 de los cuales se encuentran graves. Se han registrado seis mil 600 defunciones.<\/p>\n\n\n\n<p>Con relaci\u00f3n a la disponibilidad de camas de hospitalizaci\u00f3n general y con ventilador, con informaci\u00f3n del 15 de marzo, se tiene una ocupaci\u00f3n de 16 por ciento, con base en la Red Negativa de Infecciones Respiratorias Agudas (IRAG).<\/p>\n\n\n\n<p>En Quer\u00e9taro se registra 13 por ciento de ocupaci\u00f3n de camas con ventilador y 18 por ciento en camas sin ventilador.<\/p>\n\n\n\n<p>Se exhorta a la poblaci\u00f3n a no automedicarse y, para prevenir la transmisi\u00f3n, lavarse las manos de manera frecuente con agua y jab\u00f3n o utilizar soluciones alcoholadas a 70%, usar cubreboca al salir de casa y mantener sana distancia entre personas (de 1.5 a dos metros).<\/p>\n\n\n\n<p>Asimismo, a quedarse en casa cuando se tienen enfermedades respiratorias y comunicarse al\u00a0<em>call center<\/em>\u00a0estatal 4421015205, para recibir orientaci\u00f3n m\u00e9dica si se presenta alguno de los s\u00edntomas o signos como: dificultad para respirar (dato de gravedad), fiebre (mayor a 38 grados), dolor de cabeza, tos, dolor de garganta, escurrimiento nasal, dolor de pecho, alteraci\u00f3n del olfato o del sentido del gusto.<\/p>\n\n\n\n<figure class=\"wp-block-image size-full\"><img loading=\"lazy\" decoding=\"async\" width=\"1280\" height=\"720\" src=\"https:\/\/a3noticias.com.mx\/sandbox\/wp-content\/uploads\/2022\/03\/71_273_35578_706579065_photo_2022-03-15_20-48-10.jpg\" alt=\"\" class=\"wp-image-19507\" srcset=\"https:\/\/a3noticias.com.mx\/sandbox\/wp-content\/uploads\/2022\/03\/71_273_35578_706579065_photo_2022-03-15_20-48-10.jpg 1280w, https:\/\/a3noticias.com.mx\/sandbox\/wp-content\/uploads\/2022\/03\/71_273_35578_706579065_photo_2022-03-15_20-48-10-300x169.jpg 300w, https:\/\/a3noticias.com.mx\/sandbox\/wp-content\/uploads\/2022\/03\/71_273_35578_706579065_photo_2022-03-15_20-48-10-160x90.jpg 160w, https:\/\/a3noticias.com.mx\/sandbox\/wp-content\/uploads\/2022\/03\/71_273_35578_706579065_photo_2022-03-15_20-48-10-768x432.jpg 768w\" sizes=\"auto, (max-width: 1280px) 100vw, 1280px\" \/><\/figure>\n\n\n\n<p><\/p>\n","protected":false},"excerpt":{"rendered":"<p>En Quer\u00e9taro, tres hombres -de 78, 84 y 87 a\u00f1os-, con diversas comorbilidades, que se encontraban hospitalizados, fallecieron a causa de COVID-19. En el estado se suman 36 casos de &hellip; <a href=\"https:\/\/a3noticias.com.mx\/sandbox\/2022\/03\/16\/queretaro-sumo-36-casos-y-tres-defunciones-por-covid-19\/\" class=\"more-link\">Leer m\u00e1s<\/a><\/p>\n","protected":false},"author":4,"featured_media":18786,"comment_status":"open","ping_status":"open","sticky":false,"template":"","format":"standard","meta":{"_monsterinsights_skip_tracking":false,"_monsterinsights_sitenote_active":false,"_monsterinsights_sitenote_note":"","_monsterinsights_sitenote_category":0,"footnotes":""},"categories":[2],"tags":[],"class_list":["post-19506","post","type-post","status-publish","format-standard","has-post-thumbnail","hentry","category-qro","entry"],"aioseo_notices":[],"_links":{"self":[{"href":"https:\/\/a3noticias.com.mx\/sandbox\/wp-json\/wp\/v2\/posts\/19506","targetHints":{"allow":["GET"]}}],"collection":[{"href":"https:\/\/a3noticias.com.mx\/sandbox\/wp-json\/wp\/v2\/posts"}],"about":[{"href":"https:\/\/a3noticias.com.mx\/sandbox\/wp-json\/wp\/v2\/types\/post"}],"author":[{"embeddable":true,"href":"https:\/\/a3noticias.com.mx\/sandbox\/wp-json\/wp\/v2\/users\/4"}],"replies":[{"embeddable":true,"href":"https:\/\/a3noticias.com.mx\/sandbox\/wp-json\/wp\/v2\/comments?post=19506"}],"version-history":[{"count":1,"href":"https:\/\/a3noticias.com.mx\/sandbox\/wp-json\/wp\/v2\/posts\/19506\/revisions"}],"predecessor-version":[{"id":19508,"href":"https:\/\/a3noticias.com.mx\/sandbox\/wp-json\/wp\/v2\/posts\/19506\/revisions\/19508"}],"wp:featuredmedia":[{"embeddable":true,"href":"https:\/\/a3noticias.com.mx\/sandbox\/wp-json\/wp\/v2\/media\/18786"}],"wp:attachment":[{"href":"https:\/\/a3noticias.com.mx\/sandbox\/wp-json\/wp\/v2\/media?parent=19506"}],"wp:term":[{"taxonomy":"category","embeddable":true,"href":"https:\/\/a3noticias.com.mx\/sandbox\/wp-json\/wp\/v2\/categories?post=19506"},{"taxonomy":"post_tag","embeddable":true,"href":"https:\/\/a3noticias.com.mx\/sandbox\/wp-json\/wp\/v2\/tags?post=19506"}],"curies":[{"name":"wp","href":"https:\/\/api.w.org\/{rel}","templated":true}]}}