{"id":19509,"date":"2022-03-16T09:44:22","date_gmt":"2022-03-16T15:44:22","guid":{"rendered":"https:\/\/a3noticias.com.mx\/sandbox\/?p=19509"},"modified":"2022-03-16T09:44:30","modified_gmt":"2022-03-16T15:44:30","slug":"daniela-torres-correra-en-medio-maraton-de-nueva-york","status":"publish","type":"post","link":"https:\/\/a3noticias.com.mx\/sandbox\/2022\/03\/16\/daniela-torres-correra-en-medio-maraton-de-nueva-york\/","title":{"rendered":"Daniela Torres correr\u00e1 en Medio marat\u00f3n de Nueva York"},"content":{"rendered":"\n<p>La atleta queretana Daniela Torres Huerta, participar\u00e1 en Medio Marat\u00f3n en Nueva York con el af\u00e1n de competir en diversos eventos que mejoren su calidad como deportista y pongan a prueba su capacidad en otro tipo de escenarios.<\/p>\n\n\n\n<p>Ser\u00e1 el pr\u00f3ximo 20 de marzo cuando Daniela se medir\u00e1 en uno de los eventos de fondo m\u00e1s importantes a nivel internacional por el clima invernal de la ciudad, as\u00ed como la ruta, pues se cruza por las principales avenidas desde Brooklyn hasta Manhattan.<\/p>\n\n\n\n<blockquote class=\"wp-block-quote is-layout-flow wp-block-quote-is-layout-flow\"><p>\u201cEl objetivo es seguirme fogueando, poder conocerme en competencias de este nivel, porque s\u00ed van atletas que corren muy bien, que han ido a Juegos Ol\u00edmpicos, que han ganado eventos internacionales, entonces es eso, seguir fogue\u00e1ndome, seguir teniendo experiencias en eventos de este nivel, el ponerme a prueba en otros escenarios, porque a\u00fan hace fr\u00edo en Nueva York entonces es conocer como me desenvuelvo en un clima as\u00ed\u201d, se\u00f1al\u00f3.<\/p><\/blockquote>\n\n\n\n<p>La maratonista inici\u00f3 este mes la temporada de pista y finalizar\u00e1 en julio, por lo que durante ese tiempo buscar\u00e1 mejorar sus marcas y foguearse en eventos internacionales.<\/p>\n\n\n\n<p>En Nueva York participar\u00e1 en los 10 mil y cinco mil metros, pruebas en las que se inici\u00f3 en el atletismo.<\/p>\n\n\n\n<blockquote class=\"wp-block-quote is-layout-flow wp-block-quote-is-layout-flow\"><p>\u201cMe estoy dando la oportunidad de competir en eventos que, por lo que pas\u00f3 de la pandemia y por la preparaci\u00f3n para Juegos Ol\u00edmpicos, no hab\u00eda probado. Entonces estar\u00e9 compitiendo en el cinco mil y en el 10 mil, sobre todo en varios eventos en Estados Unidos donde el nivel es superior. Eso implica otro tipo de exigencia al cuerpo\u201d, refiri\u00f3.<\/p><\/blockquote>\n\n\n\n<p>La tambi\u00e9n comunic\u00f3loga por la Universidad Aut\u00f3noma de Quer\u00e9taro corri\u00f3 su primer medio marat\u00f3n en 2020, en un campeonato llevado a cabo en&nbsp;Gdynia.&nbsp;<\/p>\n\n\n\n<p>Su debut corriendo un marat\u00f3n completo fue en el Xiamen Marathon &amp; Tuscany Camp Global Elite Race, celebrado en el&nbsp;aeropuerto de Siena-Ampugnano donde logr\u00f3 su calificaci\u00f3n a los&nbsp;Juegos Ol\u00edmpicos de&nbsp;Tokio 2020 tras concluir con un tiempo de 2:28:55, menor al 2:29:30 requerido para correr el marat\u00f3n ol\u00edmpico.&nbsp;<\/p>\n","protected":false},"excerpt":{"rendered":"<p>La atleta queretana Daniela Torres Huerta, participar\u00e1 en Medio Marat\u00f3n en Nueva York con el af\u00e1n de competir en diversos eventos que mejoren su calidad como deportista y pongan a &hellip; <a href=\"https:\/\/a3noticias.com.mx\/sandbox\/2022\/03\/16\/daniela-torres-correra-en-medio-maraton-de-nueva-york\/\" class=\"more-link\">Leer m\u00e1s<\/a><\/p>\n","protected":false},"author":4,"featured_media":19510,"comment_status":"open","ping_status":"open","sticky":false,"template":"","format":"standard","meta":{"_monsterinsights_skip_tracking":false,"_monsterinsights_sitenote_active":false,"_monsterinsights_sitenote_note":"","_monsterinsights_sitenote_category":0,"footnotes":""},"categories":[5],"tags":[],"class_list":["post-19509","post","type-post","status-publish","format-standard","has-post-thumbnail","hentry","category-sports","entry"],"aioseo_notices":[],"_links":{"self":[{"href":"https:\/\/a3noticias.com.mx\/sandbox\/wp-json\/wp\/v2\/posts\/19509","targetHints":{"allow":["GET"]}}],"collection":[{"href":"https:\/\/a3noticias.com.mx\/sandbox\/wp-json\/wp\/v2\/posts"}],"about":[{"href":"https:\/\/a3noticias.com.mx\/sandbox\/wp-json\/wp\/v2\/types\/post"}],"author":[{"embeddable":true,"href":"https:\/\/a3noticias.com.mx\/sandbox\/wp-json\/wp\/v2\/users\/4"}],"replies":[{"embeddable":true,"href":"https:\/\/a3noticias.com.mx\/sandbox\/wp-json\/wp\/v2\/comments?post=19509"}],"version-history":[{"count":1,"href":"https:\/\/a3noticias.com.mx\/sandbox\/wp-json\/wp\/v2\/posts\/19509\/revisions"}],"predecessor-version":[{"id":19511,"href":"https:\/\/a3noticias.com.mx\/sandbox\/wp-json\/wp\/v2\/posts\/19509\/revisions\/19511"}],"wp:featuredmedia":[{"embeddable":true,"href":"https:\/\/a3noticias.com.mx\/sandbox\/wp-json\/wp\/v2\/media\/19510"}],"wp:attachment":[{"href":"https:\/\/a3noticias.com.mx\/sandbox\/wp-json\/wp\/v2\/media?parent=19509"}],"wp:term":[{"taxonomy":"category","embeddable":true,"href":"https:\/\/a3noticias.com.mx\/sandbox\/wp-json\/wp\/v2\/categories?post=19509"},{"taxonomy":"post_tag","embeddable":true,"href":"https:\/\/a3noticias.com.mx\/sandbox\/wp-json\/wp\/v2\/tags?post=19509"}],"curies":[{"name":"wp","href":"https:\/\/api.w.org\/{rel}","templated":true}]}}