{"id":19512,"date":"2022-03-16T09:54:05","date_gmt":"2022-03-16T15:54:05","guid":{"rendered":"https:\/\/a3noticias.com.mx\/sandbox\/?p=19512"},"modified":"2022-03-16T09:54:06","modified_gmt":"2022-03-16T15:54:06","slug":"asesinatos-de-periodistas-no-son-crimen-de-estado-detencion-de-el-bronco-no-esta-vinculada-con-gobierno-federal-amlo","status":"publish","type":"post","link":"https:\/\/a3noticias.com.mx\/sandbox\/2022\/03\/16\/asesinatos-de-periodistas-no-son-crimen-de-estado-detencion-de-el-bronco-no-esta-vinculada-con-gobierno-federal-amlo\/","title":{"rendered":"Asesinatos de periodistas no son crimen de estado; detenci\u00f3n de &#8216;El Bronco&#8217; no est\u00e1 vinculada con gobierno federal: AMLO"},"content":{"rendered":"\n<p>El presidente de la Rep\u00fablica, Andr\u00e9s Manuel L\u00f3pez Obrador, lament\u00f3 el asesinato del periodista de Zit\u00e1cuaro, Michoac\u00e1n,&nbsp; Armando Linares&nbsp; y asegur\u00f3 que el caso ya est\u00e1 siendo investigado, adem\u00e1s apunt\u00f3 que el d\u00eda de ma\u00f1ana, jueves 17 de marzo, dar\u00e1 informe de cada uno de los periodistas asesinados.&nbsp;<\/p>\n\n\n\n<blockquote class=\"wp-block-quote is-layout-flow wp-block-quote-is-layout-flow\"><p>\u201cLamento much\u00edsimo lo del asesinato del periodista de Zit\u00e1cuaro de ayer, ya estamos haciendo la investigaci\u00f3n, se les va a informar, ma\u00f1ana se va a dar un informe completo sobre seguridad en el pa\u00eds y se va a va informar caso por caso de los periodistas asesinados\u201d,\u00a0<\/p><\/blockquote>\n\n\n\n<p>Resalt\u00f3 que no se trata de cr\u00edmenes de Estado, pues aclar\u00f3 que su gobierno jam\u00e1s va a mandar matar a nadie.&nbsp;<\/p>\n\n\n\n<blockquote class=\"wp-block-quote is-layout-flow wp-block-quote-is-layout-flow\"><p>\u201cNunca jam\u00e1s nosotros vamos a mandar a matar a nadie. No es el tiempo de \u2018m\u00e1talos en caliente\u2019 y cero impunidad (&#8230;) no hay, en ninguno de estos asesinatos, elementos para se\u00f1alar como responsables a funcionarios p\u00fablicos, eso es muy importante, porque si no los del Parlamento Europeo que defienden intereses de empresas corruptas, utilizan estos lamentables casos para golpear a nuestro gobierno, como lo hacen los periodistas mercenarios de M\u00e9xico y de otras partes del mundo\u201d<\/p><\/blockquote>\n\n\n\n<p>Asimismo, el jefe del Ejecutivo inform\u00f3 que Armando Linares no acept\u00f3 la protecci\u00f3n de su gobierno, sin embargo, aclar\u00f3 que eso no justifica nada pero \u2018se tiene que conocer toda la verdad\u2019.<\/p>\n\n\n\n<p>En cuanto a la detenci\u00f3n de Jaime Rodr\u00edguez Calder\u00f3n \u201cEl Bronco\u201d, L\u00f3pez Obrador aclar\u00f3 que el gobierno federal no est\u00e1 relacionado y pidi\u00f3 transparentar el caso, pues se\u00f1al\u00f3 que la ley no debe ser utilizada para venganzas pol\u00edticas.&nbsp;<\/p>\n\n\n\n<blockquote class=\"wp-block-quote is-layout-flow wp-block-quote-is-layout-flow\"><p>\u201cEs un asunto del estado de Nuevo Le\u00f3n, yo me enter\u00e9 ayer cuando lo hab\u00edan detenido, porque no es nada vinculado con el gobierno federal. Se tiene que informar bien sobre las causas. No se debe utilizar la ley para venganzas pol\u00edticas y al mismo tiempo no debe haber impunidad\u201d<\/p><\/blockquote>\n\n\n\n<p>Adem\u00e1s, el mandatario federal, dijo que no le gust\u00f3 que se publicaran las fotos tomadas a El Bronco en el penal, pues se debe respetar \u201cel honor y la dignidad\u201d.<\/p>\n","protected":false},"excerpt":{"rendered":"<p>El presidente de la Rep\u00fablica, Andr\u00e9s Manuel L\u00f3pez Obrador, lament\u00f3 el asesinato del periodista de Zit\u00e1cuaro, Michoac\u00e1n,&nbsp; Armando Linares&nbsp; y asegur\u00f3 que el caso ya est\u00e1 siendo investigado, adem\u00e1s apunt\u00f3 &hellip; <a href=\"https:\/\/a3noticias.com.mx\/sandbox\/2022\/03\/16\/asesinatos-de-periodistas-no-son-crimen-de-estado-detencion-de-el-bronco-no-esta-vinculada-con-gobierno-federal-amlo\/\" class=\"more-link\">Leer m\u00e1s<\/a><\/p>\n","protected":false},"author":2,"featured_media":19513,"comment_status":"open","ping_status":"open","sticky":false,"template":"","format":"standard","meta":{"_monsterinsights_skip_tracking":false,"_monsterinsights_sitenote_active":false,"_monsterinsights_sitenote_note":"","_monsterinsights_sitenote_category":0,"footnotes":""},"categories":[3],"tags":[],"class_list":["post-19512","post","type-post","status-publish","format-standard","has-post-thumbnail","hentry","category-nal","entry"],"aioseo_notices":[],"_links":{"self":[{"href":"https:\/\/a3noticias.com.mx\/sandbox\/wp-json\/wp\/v2\/posts\/19512","targetHints":{"allow":["GET"]}}],"collection":[{"href":"https:\/\/a3noticias.com.mx\/sandbox\/wp-json\/wp\/v2\/posts"}],"about":[{"href":"https:\/\/a3noticias.com.mx\/sandbox\/wp-json\/wp\/v2\/types\/post"}],"author":[{"embeddable":true,"href":"https:\/\/a3noticias.com.mx\/sandbox\/wp-json\/wp\/v2\/users\/2"}],"replies":[{"embeddable":true,"href":"https:\/\/a3noticias.com.mx\/sandbox\/wp-json\/wp\/v2\/comments?post=19512"}],"version-history":[{"count":1,"href":"https:\/\/a3noticias.com.mx\/sandbox\/wp-json\/wp\/v2\/posts\/19512\/revisions"}],"predecessor-version":[{"id":19514,"href":"https:\/\/a3noticias.com.mx\/sandbox\/wp-json\/wp\/v2\/posts\/19512\/revisions\/19514"}],"wp:featuredmedia":[{"embeddable":true,"href":"https:\/\/a3noticias.com.mx\/sandbox\/wp-json\/wp\/v2\/media\/19513"}],"wp:attachment":[{"href":"https:\/\/a3noticias.com.mx\/sandbox\/wp-json\/wp\/v2\/media?parent=19512"}],"wp:term":[{"taxonomy":"category","embeddable":true,"href":"https:\/\/a3noticias.com.mx\/sandbox\/wp-json\/wp\/v2\/categories?post=19512"},{"taxonomy":"post_tag","embeddable":true,"href":"https:\/\/a3noticias.com.mx\/sandbox\/wp-json\/wp\/v2\/tags?post=19512"}],"curies":[{"name":"wp","href":"https:\/\/api.w.org\/{rel}","templated":true}]}}