{"id":19523,"date":"2022-03-16T13:06:41","date_gmt":"2022-03-16T19:06:41","guid":{"rendered":"https:\/\/a3noticias.com.mx\/sandbox\/?p=19523"},"modified":"2022-03-16T13:06:43","modified_gmt":"2022-03-16T19:06:43","slug":"centro-historico-de-la-capital-queretana-contara-con-puesto-de-mando-para-atencion-en-semana-santa","status":"publish","type":"post","link":"https:\/\/a3noticias.com.mx\/sandbox\/2022\/03\/16\/centro-historico-de-la-capital-queretana-contara-con-puesto-de-mando-para-atencion-en-semana-santa\/","title":{"rendered":"Centro Hist\u00f3rico de la capital queretana contar\u00e1 con puesto de mando para atenci\u00f3n en Semana Santa."},"content":{"rendered":"\n<p>El Centro Hist\u00f3rico contar\u00e1 con un puesto de mando para atenci\u00f3n e informaci\u00f3n en materia de Protecci\u00f3n Civil durante la temporada vacacional de Semana Santa, desde ah\u00ed se coordinar\u00e1n las acciones de los cuerpos de emergencia, as\u00ed lo inform\u00f3 el coordinador municipal de Protecci\u00f3n Civil, Francisco Ram\u00edrez Santana.<\/p>\n\n\n\n<p>Se\u00f1al\u00f3 que la dependencia municipal se encuentra preparando esquemas conjuntos con la coordinaci\u00f3n estatal de Protecci\u00f3n Civil y cuerpos de emergencia para la atenci\u00f3n de la poblaci\u00f3n durante el periodo vacacional y la temporada de calor.&nbsp;<\/p>\n\n\n\n<blockquote class=\"wp-block-quote is-layout-flow wp-block-quote-is-layout-flow\"><p>\u201cEstamos coordinando estas cuestiones como el an\u00e1lisis e identificaci\u00f3n de las eventualidades de estas fechas y mecanismos informativos de prevenci\u00f3n\u201d.<\/p><\/blockquote>\n","protected":false},"excerpt":{"rendered":"<p>El Centro Hist\u00f3rico contar\u00e1 con un puesto de mando para atenci\u00f3n e informaci\u00f3n en materia de Protecci\u00f3n Civil durante la temporada vacacional de Semana Santa, desde ah\u00ed se coordinar\u00e1n las &hellip; <a href=\"https:\/\/a3noticias.com.mx\/sandbox\/2022\/03\/16\/centro-historico-de-la-capital-queretana-contara-con-puesto-de-mando-para-atencion-en-semana-santa\/\" class=\"more-link\">Leer m\u00e1s<\/a><\/p>\n","protected":false},"author":2,"featured_media":16549,"comment_status":"open","ping_status":"open","sticky":false,"template":"","format":"standard","meta":{"_monsterinsights_skip_tracking":false,"_monsterinsights_sitenote_active":false,"_monsterinsights_sitenote_note":"","_monsterinsights_sitenote_category":0,"footnotes":""},"categories":[2],"tags":[],"class_list":["post-19523","post","type-post","status-publish","format-standard","has-post-thumbnail","hentry","category-qro","entry"],"aioseo_notices":[],"_links":{"self":[{"href":"https:\/\/a3noticias.com.mx\/sandbox\/wp-json\/wp\/v2\/posts\/19523","targetHints":{"allow":["GET"]}}],"collection":[{"href":"https:\/\/a3noticias.com.mx\/sandbox\/wp-json\/wp\/v2\/posts"}],"about":[{"href":"https:\/\/a3noticias.com.mx\/sandbox\/wp-json\/wp\/v2\/types\/post"}],"author":[{"embeddable":true,"href":"https:\/\/a3noticias.com.mx\/sandbox\/wp-json\/wp\/v2\/users\/2"}],"replies":[{"embeddable":true,"href":"https:\/\/a3noticias.com.mx\/sandbox\/wp-json\/wp\/v2\/comments?post=19523"}],"version-history":[{"count":1,"href":"https:\/\/a3noticias.com.mx\/sandbox\/wp-json\/wp\/v2\/posts\/19523\/revisions"}],"predecessor-version":[{"id":19524,"href":"https:\/\/a3noticias.com.mx\/sandbox\/wp-json\/wp\/v2\/posts\/19523\/revisions\/19524"}],"wp:featuredmedia":[{"embeddable":true,"href":"https:\/\/a3noticias.com.mx\/sandbox\/wp-json\/wp\/v2\/media\/16549"}],"wp:attachment":[{"href":"https:\/\/a3noticias.com.mx\/sandbox\/wp-json\/wp\/v2\/media?parent=19523"}],"wp:term":[{"taxonomy":"category","embeddable":true,"href":"https:\/\/a3noticias.com.mx\/sandbox\/wp-json\/wp\/v2\/categories?post=19523"},{"taxonomy":"post_tag","embeddable":true,"href":"https:\/\/a3noticias.com.mx\/sandbox\/wp-json\/wp\/v2\/tags?post=19523"}],"curies":[{"name":"wp","href":"https:\/\/api.w.org\/{rel}","templated":true}]}}