{"id":19529,"date":"2022-03-17T09:07:05","date_gmt":"2022-03-17T15:07:05","guid":{"rendered":"https:\/\/a3noticias.com.mx\/sandbox\/?p=19529"},"modified":"2022-03-17T09:07:06","modified_gmt":"2022-03-17T15:07:06","slug":"cero-defunciones-y-49-casos-de-covid-19","status":"publish","type":"post","link":"https:\/\/a3noticias.com.mx\/sandbox\/2022\/03\/17\/cero-defunciones-y-49-casos-de-covid-19\/","title":{"rendered":"Cero defunciones y 49 casos de Covid-19"},"content":{"rendered":"\n<p>La Secretar\u00eda de Salud de Quer\u00e9taro report\u00f3 este mi\u00e9rcoles cero defunciones por COVID-19, aunque se sumaron 49 casos de la enfermedad; se trata de 32 mujeres y 17 hombres. <\/p>\n\n\n\n<p>El registro acumulado es de 137 mil 180 casos; 52% son mujeres y 48% son hombres.\u00a0Se dio de alta sanitaria a 56 pacientes, con lo que se tiene un registro de 130 mil 231 altas (94.93%).\u00a0<\/p>\n\n\n\n<p>Con sintomatolog\u00eda leve, aislamiento y manejo en su domicilio hay 319 pacientes y 30 hospitalizados, 11 de los cuales se encuentran graves. Se han registrado seis mil 600 defunciones.\u00a0<\/p>\n\n\n\n<p>Con relaci\u00f3n a la disponibilidad de camas de hospitalizaci\u00f3n general y con ventilador, con informaci\u00f3n del 15 de marzo, se tiene una ocupaci\u00f3n de 16 por ciento, con base en la Red Negativa de Infecciones Respiratorias Agudas (IRAG).\u00a0\u00a0<\/p>\n\n\n\n<p>En Quer\u00e9taro se registra 13 por ciento de ocupaci\u00f3n de camas con ventilador y 18 por ciento en camas sin ventilador.\u00a0<\/p>\n\n\n\n<p>Se exhorta a la poblaci\u00f3n a no automedicarse y, para prevenir la transmisi\u00f3n, lavarse las manos de manera frecuente con agua y jab\u00f3n o utilizar soluciones alcoholadas a 70%, usar cubreboca al salir de casa y mantener sana distancia entre personas (de 1.5 a dos metros).\u00a0\u00a0<\/p>\n\n\n\n<p>Asimismo, a quedarse en casa cuando se tienen enfermedades respiratorias y comunicarse al call center estatal 4421015205, para recibir orientaci\u00f3n m\u00e9dica si se presenta alguno de los s\u00edntomas o signos como: dificultad para respirar (dato de gravedad), fiebre (mayor a 38 grados), dolor de cabeza, tos, dolor de garganta, escurrimiento nasal, dolor de pecho, alteraci\u00f3n del olfato o del sentido del gusto.\u00a0<\/p>\n\n\n\n<p><\/p>\n","protected":false},"excerpt":{"rendered":"<p>La Secretar\u00eda de Salud de Quer\u00e9taro report\u00f3 este mi\u00e9rcoles cero defunciones por COVID-19, aunque se sumaron 49 casos de la enfermedad; se trata de 32 mujeres y 17 hombres. El &hellip; <a href=\"https:\/\/a3noticias.com.mx\/sandbox\/2022\/03\/17\/cero-defunciones-y-49-casos-de-covid-19\/\" class=\"more-link\">Leer m\u00e1s<\/a><\/p>\n","protected":false},"author":4,"featured_media":18368,"comment_status":"open","ping_status":"open","sticky":false,"template":"","format":"standard","meta":{"_monsterinsights_skip_tracking":false,"_monsterinsights_sitenote_active":false,"_monsterinsights_sitenote_note":"","_monsterinsights_sitenote_category":0,"footnotes":""},"categories":[2],"tags":[],"class_list":["post-19529","post","type-post","status-publish","format-standard","has-post-thumbnail","hentry","category-qro","entry"],"aioseo_notices":[],"_links":{"self":[{"href":"https:\/\/a3noticias.com.mx\/sandbox\/wp-json\/wp\/v2\/posts\/19529","targetHints":{"allow":["GET"]}}],"collection":[{"href":"https:\/\/a3noticias.com.mx\/sandbox\/wp-json\/wp\/v2\/posts"}],"about":[{"href":"https:\/\/a3noticias.com.mx\/sandbox\/wp-json\/wp\/v2\/types\/post"}],"author":[{"embeddable":true,"href":"https:\/\/a3noticias.com.mx\/sandbox\/wp-json\/wp\/v2\/users\/4"}],"replies":[{"embeddable":true,"href":"https:\/\/a3noticias.com.mx\/sandbox\/wp-json\/wp\/v2\/comments?post=19529"}],"version-history":[{"count":1,"href":"https:\/\/a3noticias.com.mx\/sandbox\/wp-json\/wp\/v2\/posts\/19529\/revisions"}],"predecessor-version":[{"id":19530,"href":"https:\/\/a3noticias.com.mx\/sandbox\/wp-json\/wp\/v2\/posts\/19529\/revisions\/19530"}],"wp:featuredmedia":[{"embeddable":true,"href":"https:\/\/a3noticias.com.mx\/sandbox\/wp-json\/wp\/v2\/media\/18368"}],"wp:attachment":[{"href":"https:\/\/a3noticias.com.mx\/sandbox\/wp-json\/wp\/v2\/media?parent=19529"}],"wp:term":[{"taxonomy":"category","embeddable":true,"href":"https:\/\/a3noticias.com.mx\/sandbox\/wp-json\/wp\/v2\/categories?post=19529"},{"taxonomy":"post_tag","embeddable":true,"href":"https:\/\/a3noticias.com.mx\/sandbox\/wp-json\/wp\/v2\/tags?post=19529"}],"curies":[{"name":"wp","href":"https:\/\/api.w.org\/{rel}","templated":true}]}}